{"id":71274,"date":"2025-09-25T13:36:39","date_gmt":"2025-09-25T19:36:39","guid":{"rendered":"https:\/\/encuentroinformativo.com.mx\/?p=71274"},"modified":"2025-09-25T13:36:39","modified_gmt":"2025-09-25T19:36:39","slug":"empresarios-piden-a-claudia-sheinbaum-intervenga-ante-fallas-de-cfe-en-centro-historico-de-veracruz","status":"publish","type":"post","link":"https:\/\/encuentroinformativo.com.mx\/?p=71274","title":{"rendered":"Empresarios piden a Claudia Sheinbaum intervenga ante fallas de CFE en Centro Hist\u00f3rico de Veracruz"},"content":{"rendered":"<p><strong>Alejandro \u00c1vila<\/strong><\/p>\n<p>Veracruz, Ver.- Hartos por los constantes apagones en el Centro Hist\u00f3rico de Veracruz, empresarios entregaron la ma\u00f1ana de este mi\u00e9rcoles 24 de septiembre un oficio en Presidencia de Rep\u00fablica, para que la mandataria, Claudia Sheinbaum Pardo, intervenga y de soluci\u00f3n a su grave problema.<\/p>\n<p>&#8220;Lo que nos han estado explicando es que la situaci\u00f3n debe escalarse hacia all\u00e1 porque es donde asignan los presupuestos m\u00e1s fuertes, en dado caso de que se tenga que hacer una inversi\u00f3n mayor. Es por eso que se acude a la Ciudad de M\u00e9xico para que desde all\u00e1 se empiecen a tomar cartas en el asunto y si es necesario una correcci\u00f3n mayor que se asignan presupuestos desde las oficinas de ella para que se puedan ejercer en Veracruz, y por eso vamos a tocar esas puertas&#8221;, declar\u00f3 Sergio Lois Heredia, presidente del Consejo Metropolitano de Turismo (COMETUR).<\/p>\n<p>El oficio con acuse de recibido tambi\u00e9n fue entregado en las oficinas centrales de Comisi\u00f3n Federal de Electricidad (CFE), a la directora general Emilia Esther Calleja Alor.<\/p>\n<p>&#8220;Est\u00e1n sumados varios empresarios del Centro Hist\u00f3rico con el tema de los apagones, para solicitar que existan acciones, no solo para remediar temporalmente los apagones sino para saber qu\u00e9 est\u00e1 pasando, cu\u00e1l es la ra\u00edz que est\u00e1 provocando esto y dejen de estar pasando y que se ponga manos a la obra en eso. La verdad s\u00ed creo que en este momento no se puede nada m\u00e1s seguir buscando el se fue la luz y a ver cu\u00e1ntas horas tarda o que se apuren las cuadrillas para venir, esa es la soluci\u00f3n cuando es espor\u00e1dico el apag\u00f3n pero cuando los apagones son tan consecutivos creo que debe de haber una ra\u00edz m\u00e1s fuerte&#8221;, subray\u00f3.<\/p>\n<p>Cabe mencionar que, el presidente del Colegio de Mec\u00e1nicos y Electricistas de Veracruz, Gustavo Mendoza Barr\u00f3n, dijo hace unos d\u00edas que ten\u00edan reportes de apagones que duraban 24 horas en el Centro Hist\u00f3rico; al tiempo que lament\u00f3 que la Comisi\u00f3n Federal de Electricidad no aprovechara para modernizar los circuitos el\u00e9ctricos durante las obras de remodelaci\u00f3n que se realizan en el primer cuadro de la ciudad.<\/p>\n","protected":false},"excerpt":{"rendered":"<p>Alejandro \u00c1vila Veracruz, Ver.- Hartos por los constantes apagones en el Centro Hist\u00f3rico de Veracruz, empresarios entregaron la ma\u00f1ana de este mi\u00e9rcoles 24 de septiembre un oficio en Presidencia de Rep\u00fablica, para que la mandataria, Claudia Sheinbaum Pardo, intervenga y de soluci\u00f3n a su grave problema. &#8220;Lo que nos han estado explicando es que la [&hellip;]<\/p>\n","protected":false},"author":2476,"featured_media":71275,"comment_status":"open","ping_status":"open","sticky":false,"template":"","format":"standard","meta":{"_jetpack_memberships_contains_paid_content":false,"footnotes":""},"categories":[2],"tags":[],"class_list":["post-71274","post","type-post","status-publish","format-standard","has-post-thumbnail","hentry","category-estado"],"jetpack_featured_media_url":"https:\/\/encuentroinformativo.com.mx\/wp-content\/uploads\/2025\/09\/IMG-20250925-WA01482.jpg","jetpack_sharing_enabled":true,"jetpack_likes_enabled":true,"amp_enabled":true,"_links":{"self":[{"href":"https:\/\/encuentroinformativo.com.mx\/index.php?rest_route=\/wp\/v2\/posts\/71274","targetHints":{"allow":["GET"]}}],"collection":[{"href":"https:\/\/encuentroinformativo.com.mx\/index.php?rest_route=\/wp\/v2\/posts"}],"about":[{"href":"https:\/\/encuentroinformativo.com.mx\/index.php?rest_route=\/wp\/v2\/types\/post"}],"author":[{"embeddable":true,"href":"https:\/\/encuentroinformativo.com.mx\/index.php?rest_route=\/wp\/v2\/users\/2476"}],"replies":[{"embeddable":true,"href":"https:\/\/encuentroinformativo.com.mx\/index.php?rest_route=%2Fwp%2Fv2%2Fcomments&post=71274"}],"version-history":[{"count":1,"href":"https:\/\/encuentroinformativo.com.mx\/index.php?rest_route=\/wp\/v2\/posts\/71274\/revisions"}],"predecessor-version":[{"id":71276,"href":"https:\/\/encuentroinformativo.com.mx\/index.php?rest_route=\/wp\/v2\/posts\/71274\/revisions\/71276"}],"wp:featuredmedia":[{"embeddable":true,"href":"https:\/\/encuentroinformativo.com.mx\/index.php?rest_route=\/wp\/v2\/media\/71275"}],"wp:attachment":[{"href":"https:\/\/encuentroinformativo.com.mx\/index.php?rest_route=%2Fwp%2Fv2%2Fmedia&parent=71274"}],"wp:term":[{"taxonomy":"category","embeddable":true,"href":"https:\/\/encuentroinformativo.com.mx\/index.php?rest_route=%2Fwp%2Fv2%2Fcategories&post=71274"},{"taxonomy":"post_tag","embeddable":true,"href":"https:\/\/encuentroinformativo.com.mx\/index.php?rest_route=%2Fwp%2Fv2%2Ftags&post=71274"}],"curies":[{"name":"wp","href":"https:\/\/api.w.org\/{rel}","templated":true}]}}