{"id":71284,"date":"2025-09-25T14:09:18","date_gmt":"2025-09-25T20:09:18","guid":{"rendered":"https:\/\/encuentroinformativo.com.mx\/?p=71284"},"modified":"2025-09-25T14:09:18","modified_gmt":"2025-09-25T20:09:18","slug":"presuntos-ebrios-provocan-accidente-en-medellin-de-bravo","status":"publish","type":"post","link":"https:\/\/encuentroinformativo.com.mx\/?p=71284","title":{"rendered":"Presuntos ebrios provocan accidente en Medell\u00edn de Bravo"},"content":{"rendered":"<p><strong>Alejandro \u00c1vila<\/strong><\/p>\n<p>Medell\u00edn de Bravo, Ver.- Dos sujetos en estado de ebriedad provocaron un aparatoso accidente sobre la carretera federal Boca del R\u00edo &#8211; C\u00f3rdoba a la altura de la localidad El Mangal perteneciente al municipio de Medell\u00edn de Bravo.<\/p>\n<p>Los hechos ocurrieron alrededor del mediod\u00eda de este jueves 25 de septiembre, cuando dos hombres a bordo de un autom\u00f3vil Volkswagen tipo Vento color blanco intentaron incorporarse a la carretera sin precauci\u00f3n, siendo impactados por un tr\u00e1iler.<\/p>\n<p>A pesar de la fuerza del golpe, el veh\u00edculo particular no volc\u00f3 y sus ocupantes resultaron ilesos.<\/p>\n<p>En el interior de la unidad se encontr\u00f3 un cart\u00f3n de cervezas, lo que reforz\u00f3 la versi\u00f3n de que los involucrados manejaban bajo los influjos del alcohol.<\/p>\n<p>T\u00e9cnicos en urgencias m\u00e9dicas de Protecci\u00f3n Civil municipal de Medell\u00edn de Bravo acudieron al lugar y brindaron atenci\u00f3n a los implicados, quienes no presentaron heridas graves.<\/p>\n","protected":false},"excerpt":{"rendered":"<p>Alejandro \u00c1vila Medell\u00edn de Bravo, Ver.- Dos sujetos en estado de ebriedad provocaron un aparatoso accidente sobre la carretera federal Boca del R\u00edo &#8211; C\u00f3rdoba a la altura de la localidad El Mangal perteneciente al municipio de Medell\u00edn de Bravo. Los hechos ocurrieron alrededor del mediod\u00eda de este jueves 25 de septiembre, cuando dos hombres [&hellip;]<\/p>\n","protected":false},"author":2476,"featured_media":71285,"comment_status":"open","ping_status":"open","sticky":false,"template":"","format":"standard","meta":{"_jetpack_memberships_contains_paid_content":false,"footnotes":""},"categories":[2],"tags":[],"class_list":["post-71284","post","type-post","status-publish","format-standard","has-post-thumbnail","hentry","category-estado"],"jetpack_featured_media_url":"https:\/\/encuentroinformativo.com.mx\/wp-content\/uploads\/2025\/09\/IMG-20250925-WA0209.jpg","jetpack_sharing_enabled":true,"jetpack_likes_enabled":true,"amp_enabled":true,"_links":{"self":[{"href":"https:\/\/encuentroinformativo.com.mx\/index.php?rest_route=\/wp\/v2\/posts\/71284","targetHints":{"allow":["GET"]}}],"collection":[{"href":"https:\/\/encuentroinformativo.com.mx\/index.php?rest_route=\/wp\/v2\/posts"}],"about":[{"href":"https:\/\/encuentroinformativo.com.mx\/index.php?rest_route=\/wp\/v2\/types\/post"}],"author":[{"embeddable":true,"href":"https:\/\/encuentroinformativo.com.mx\/index.php?rest_route=\/wp\/v2\/users\/2476"}],"replies":[{"embeddable":true,"href":"https:\/\/encuentroinformativo.com.mx\/index.php?rest_route=%2Fwp%2Fv2%2Fcomments&post=71284"}],"version-history":[{"count":1,"href":"https:\/\/encuentroinformativo.com.mx\/index.php?rest_route=\/wp\/v2\/posts\/71284\/revisions"}],"predecessor-version":[{"id":71286,"href":"https:\/\/encuentroinformativo.com.mx\/index.php?rest_route=\/wp\/v2\/posts\/71284\/revisions\/71286"}],"wp:featuredmedia":[{"embeddable":true,"href":"https:\/\/encuentroinformativo.com.mx\/index.php?rest_route=\/wp\/v2\/media\/71285"}],"wp:attachment":[{"href":"https:\/\/encuentroinformativo.com.mx\/index.php?rest_route=%2Fwp%2Fv2%2Fmedia&parent=71284"}],"wp:term":[{"taxonomy":"category","embeddable":true,"href":"https:\/\/encuentroinformativo.com.mx\/index.php?rest_route=%2Fwp%2Fv2%2Fcategories&post=71284"},{"taxonomy":"post_tag","embeddable":true,"href":"https:\/\/encuentroinformativo.com.mx\/index.php?rest_route=%2Fwp%2Fv2%2Ftags&post=71284"}],"curies":[{"name":"wp","href":"https:\/\/api.w.org\/{rel}","templated":true}]}}