{"id":71287,"date":"2025-09-25T14:16:45","date_gmt":"2025-09-25T20:16:45","guid":{"rendered":"https:\/\/encuentroinformativo.com.mx\/?p=71287"},"modified":"2025-09-25T14:16:45","modified_gmt":"2025-09-25T20:16:45","slug":"perote-esta-preparado-para-la-temporada-de-frio-afirma-alcalde","status":"publish","type":"post","link":"https:\/\/encuentroinformativo.com.mx\/?p=71287","title":{"rendered":"Perote est\u00e1 preparado para la temporada de fr\u00edo, afirma Alcalde"},"content":{"rendered":"<p><strong>Dar\u00edo Pale<\/strong><\/p>\n<p>Xalapa, Ver.- El alcalde de Perote Delfino Ortega Mart\u00ednez dio a conocer que est\u00e1n preparados para la temporada de fr\u00edos y nieve, con albergues terminados y listos para recibir a las personas que lo necesiten.<\/p>\n<p>Algunas de las comunidades m\u00e1s vulnerables son las de la monta\u00f1a, con alrededor de 7 mil personas que podr\u00edan sufrir las consecuencias del fr\u00edo.<\/p>\n<p>El alcalde ha mencionado que est\u00e1n preparados para recibir a los turistas que visitan la zona durante la temporada de nieve y que han tomado medidas para garantizar la seguridad de las personas.<\/p>\n<p>Tambi\u00e9n mencion\u00f3 que est\u00e1n trabajando para prevenir cualquier situaci\u00f3n de emergencia y que est\u00e1n listos para brindar apoyo a las familias que lo necesiten.<\/p>\n<p>Algunas de las acciones que se implementan para atender a la gente incluyen la entrega de cobijas, la instalaci\u00f3n de albergues temporales y la recomendaci\u00f3n de no utilizar fuego en lugares no ventilados.<\/p>\n<p>El alcalde ha mencionado que est\u00e1n preparados para enfrentar la temporada de fr\u00edos y que esperan que no sea tan crudo como en a\u00f1os anteriores.<\/p>\n<p>El alcalde ha mencionado que est\u00e1n preparados para enfrentar la temporada de fr\u00edos y que esperan que no sea tan crudo como en a\u00f1os anteriores.<\/p>\n<p>Tambi\u00e9n ha mencionado que est\u00e1n trabajando para brindar apoyo a las familias que lo necesiten y que est\u00e1n listos para responder a cualquier situaci\u00f3n de emergencia.<\/p>\n<p>Algunas de las recomendaciones que se hacen a la gente y a los turistas incluyen:<\/p>\n<p>&#8211; Ir preparados con ropa adecuada<br \/>\n&#8211; No llevar ni\u00f1os ni gente de la tercera edad<br \/>\n&#8211; Atender las recomendaciones de protecci\u00f3n civil<br \/>\n&#8211; Transitar por la v\u00eda adecuada<\/p>\n<p>El municipio de Perote est\u00e1 trabajando para garantizar la seguridad y el bienestar de las personas durante la temporada de fr\u00edos y nieve.<\/p>\n","protected":false},"excerpt":{"rendered":"<p>Dar\u00edo Pale Xalapa, Ver.- El alcalde de Perote Delfino Ortega Mart\u00ednez dio a conocer que est\u00e1n preparados para la temporada de fr\u00edos y nieve, con albergues terminados y listos para recibir a las personas que lo necesiten. Algunas de las comunidades m\u00e1s vulnerables son las de la monta\u00f1a, con alrededor de 7 mil personas que [&hellip;]<\/p>\n","protected":false},"author":2476,"featured_media":71288,"comment_status":"open","ping_status":"open","sticky":false,"template":"","format":"standard","meta":{"_jetpack_memberships_contains_paid_content":false,"footnotes":""},"categories":[8],"tags":[],"class_list":["post-71287","post","type-post","status-publish","format-standard","has-post-thumbnail","hentry","category-region"],"jetpack_featured_media_url":"https:\/\/encuentroinformativo.com.mx\/wp-content\/uploads\/2025\/09\/IMG-20250925-WA01371.jpg","jetpack_sharing_enabled":true,"jetpack_likes_enabled":true,"amp_enabled":true,"_links":{"self":[{"href":"https:\/\/encuentroinformativo.com.mx\/index.php?rest_route=\/wp\/v2\/posts\/71287","targetHints":{"allow":["GET"]}}],"collection":[{"href":"https:\/\/encuentroinformativo.com.mx\/index.php?rest_route=\/wp\/v2\/posts"}],"about":[{"href":"https:\/\/encuentroinformativo.com.mx\/index.php?rest_route=\/wp\/v2\/types\/post"}],"author":[{"embeddable":true,"href":"https:\/\/encuentroinformativo.com.mx\/index.php?rest_route=\/wp\/v2\/users\/2476"}],"replies":[{"embeddable":true,"href":"https:\/\/encuentroinformativo.com.mx\/index.php?rest_route=%2Fwp%2Fv2%2Fcomments&post=71287"}],"version-history":[{"count":1,"href":"https:\/\/encuentroinformativo.com.mx\/index.php?rest_route=\/wp\/v2\/posts\/71287\/revisions"}],"predecessor-version":[{"id":71289,"href":"https:\/\/encuentroinformativo.com.mx\/index.php?rest_route=\/wp\/v2\/posts\/71287\/revisions\/71289"}],"wp:featuredmedia":[{"embeddable":true,"href":"https:\/\/encuentroinformativo.com.mx\/index.php?rest_route=\/wp\/v2\/media\/71288"}],"wp:attachment":[{"href":"https:\/\/encuentroinformativo.com.mx\/index.php?rest_route=%2Fwp%2Fv2%2Fmedia&parent=71287"}],"wp:term":[{"taxonomy":"category","embeddable":true,"href":"https:\/\/encuentroinformativo.com.mx\/index.php?rest_route=%2Fwp%2Fv2%2Fcategories&post=71287"},{"taxonomy":"post_tag","embeddable":true,"href":"https:\/\/encuentroinformativo.com.mx\/index.php?rest_route=%2Fwp%2Fv2%2Ftags&post=71287"}],"curies":[{"name":"wp","href":"https:\/\/api.w.org\/{rel}","templated":true}]}}