{"id":71293,"date":"2025-09-25T21:28:56","date_gmt":"2025-09-26T03:28:56","guid":{"rendered":"https:\/\/encuentroinformativo.com.mx\/?p=71293"},"modified":"2025-09-25T21:28:56","modified_gmt":"2025-09-26T03:28:56","slug":"es-veracruzano-el-nuevo-director-de-administracion-del-ine-octavio-garcia","status":"publish","type":"post","link":"https:\/\/encuentroinformativo.com.mx\/?p=71293","title":{"rendered":"Es veracruzano el nuevo director de Administraci\u00f3n del INE, Octavio Garc\u00eda"},"content":{"rendered":"<p><strong>Alejandro \u00c1vila<\/strong><\/p>\n<p>Veracruz, Ver.- El abogado veracruzano, Jes\u00fas Octavio Garc\u00eda Gonz\u00e1lez, ser\u00e1 el nuevo Director Ejecutivo de Administraci\u00f3n del Instituto Nacional Electoral (INE), tras la designaci\u00f3n realizada por la Presidenta de este \u00f3rgano, Guadalupe Taddei Zavala.<\/p>\n<p>Garc\u00eda Gonz\u00e1lez, quien ostenta m\u00e1s de 20 a\u00f1os de experiencia en materia electoral, tendr\u00e1 como responsabilidad organizar, dirigir y controlar los recursos financieros y materiales del \u00f3rgano electoral de M\u00e9xico, el cual cuenta con un presupuesto de 19 mil 500 millones de pesos.<\/p>\n<p>La designaci\u00f3n realizada por la Presidenta del INE deriv\u00f3 de la amplia trayectoria del veracruzano en instituciones electorales a nivel local y nacional, desde su paso por el Instituto Electoral Veracruzano (IEV) \u2013donde fungi\u00f3 como jefe de asesores de la Presidencia y como director de Prerrogativas y Partidos Pol\u00edticos-, hasta su labor como abogado litigante, consultor y asesor en derecho electoral. Previo a su nombramiento, desde 2024 ejerci\u00f3 como asesor del Consejo General del INE.<\/p>\n<p>Respecto a su formaci\u00f3n acad\u00e9mica, el nuevo director de Administraci\u00f3n es egresado de la Facultad de Derecho de la Universidad Veracruzana y cuenta con estudios de posgrado en derecho electoral, t\u00e9cnica legislativa, derecho constitucional y derechos humanos.<\/p>\n<p>En su carrera profesional tambi\u00e9n se ha desarrollado como catedr\u00e1tico de la Universidad de Xalapa y ha participado en foros, encuentros y di\u00e1logos de alto nivel en la Universidad Nacional Aut\u00f3noma de M\u00e9xico y en otras instituciones de educaci\u00f3n superior.<\/p>\n<p>La llegada de Octavio Garc\u00eda se da en el contexto de la Reforma Electoral propuesta por la presidenta Claudia Sheinbaum Pardo, y se vislumbra que su participaci\u00f3n ser\u00e1 clave en la reconfiguraci\u00f3n y redise\u00f1o institucional del \u00f3rgano electoral.<\/p>\n","protected":false},"excerpt":{"rendered":"<p>Alejandro \u00c1vila Veracruz, Ver.- El abogado veracruzano, Jes\u00fas Octavio Garc\u00eda Gonz\u00e1lez, ser\u00e1 el nuevo Director Ejecutivo de Administraci\u00f3n del Instituto Nacional Electoral (INE), tras la designaci\u00f3n realizada por la Presidenta de este \u00f3rgano, Guadalupe Taddei Zavala. Garc\u00eda Gonz\u00e1lez, quien ostenta m\u00e1s de 20 a\u00f1os de experiencia en materia electoral, tendr\u00e1 como responsabilidad organizar, dirigir y [&hellip;]<\/p>\n","protected":false},"author":2476,"featured_media":71294,"comment_status":"open","ping_status":"open","sticky":false,"template":"","format":"standard","meta":{"_jetpack_memberships_contains_paid_content":false,"footnotes":""},"categories":[2],"tags":[],"class_list":["post-71293","post","type-post","status-publish","format-standard","has-post-thumbnail","hentry","category-estado"],"jetpack_featured_media_url":"https:\/\/encuentroinformativo.com.mx\/wp-content\/uploads\/2025\/09\/IMG-20250925-WA03212.jpg","jetpack_sharing_enabled":true,"jetpack_likes_enabled":true,"amp_enabled":true,"_links":{"self":[{"href":"https:\/\/encuentroinformativo.com.mx\/index.php?rest_route=\/wp\/v2\/posts\/71293","targetHints":{"allow":["GET"]}}],"collection":[{"href":"https:\/\/encuentroinformativo.com.mx\/index.php?rest_route=\/wp\/v2\/posts"}],"about":[{"href":"https:\/\/encuentroinformativo.com.mx\/index.php?rest_route=\/wp\/v2\/types\/post"}],"author":[{"embeddable":true,"href":"https:\/\/encuentroinformativo.com.mx\/index.php?rest_route=\/wp\/v2\/users\/2476"}],"replies":[{"embeddable":true,"href":"https:\/\/encuentroinformativo.com.mx\/index.php?rest_route=%2Fwp%2Fv2%2Fcomments&post=71293"}],"version-history":[{"count":1,"href":"https:\/\/encuentroinformativo.com.mx\/index.php?rest_route=\/wp\/v2\/posts\/71293\/revisions"}],"predecessor-version":[{"id":71295,"href":"https:\/\/encuentroinformativo.com.mx\/index.php?rest_route=\/wp\/v2\/posts\/71293\/revisions\/71295"}],"wp:featuredmedia":[{"embeddable":true,"href":"https:\/\/encuentroinformativo.com.mx\/index.php?rest_route=\/wp\/v2\/media\/71294"}],"wp:attachment":[{"href":"https:\/\/encuentroinformativo.com.mx\/index.php?rest_route=%2Fwp%2Fv2%2Fmedia&parent=71293"}],"wp:term":[{"taxonomy":"category","embeddable":true,"href":"https:\/\/encuentroinformativo.com.mx\/index.php?rest_route=%2Fwp%2Fv2%2Fcategories&post=71293"},{"taxonomy":"post_tag","embeddable":true,"href":"https:\/\/encuentroinformativo.com.mx\/index.php?rest_route=%2Fwp%2Fv2%2Ftags&post=71293"}],"curies":[{"name":"wp","href":"https:\/\/api.w.org\/{rel}","templated":true}]}}