{"id":7130,"date":"2020-10-20T15:18:50","date_gmt":"2020-10-20T20:18:50","guid":{"rendered":"https:\/\/encuentroinformativo.com.mx\/?p=7130"},"modified":"2020-10-20T15:18:53","modified_gmt":"2020-10-20T20:18:53","slug":"a-pesar-de-suspension-continuaran-trabajos-de-organizacion-para-el-carnaval","status":"publish","type":"post","link":"https:\/\/encuentroinformativo.com.mx\/?p=7130","title":{"rendered":"A pesar de suspensi\u00f3n, continuar\u00e1n trabajos de organizaci\u00f3n para el Carnaval"},"content":{"rendered":"\n<p><strong>Alejandro \u00c1vila<\/strong><\/p>\n\n\n\n<p>Veracruz, Ver.- A pesar de la suspensi\u00f3n temporal del Carnaval de Veracruz 2021, el Comit\u00e9 Organizador contin\u00faa trabajando para tener todo listo en caso de que la festividad se lleve a cabo en verano, entre los meses de junio y julio.<\/p>\n\n\n\n<p>El presidente del Comit\u00e9 de Carnaval Luis Antonio P\u00e9rez Fraga, mencion\u00f3 que el tema del 2021 es &#8220;Ciudades Ic\u00f3nicas de M\u00e9xico&#8221;, donde se buscar\u00e1 que alcaldes o gobernadores de otras entidades, aporten recurso para vestir un carro aleg\u00f3rico y promocionar su ciudad.<\/p>\n\n\n\n<p>&#8220;El a\u00f1o pasado fue Ciudades Iconicas del Mundo, ahora queremos hacerlo con las principales ciudades del pa\u00eds, ya hemos avanzado en todas las maquetas, que es lo m\u00e1s complicado y laborioso, y una vez que, si afortunadamente se resuelve la situaci\u00f3n sanitaria, echamos a andar a loa artesanos con los dise\u00f1os ya preestablecidos y emitir\u00edamos la convocatoria, la cual unos tres meses antes es posible realizarlo, emitiendo la convocatoria para los reinados&#8221;, explic\u00f3.<\/p>\n\n\n\n<p>El &#8220;Pollo&#8221; P\u00e9rez Fraga, dijo ya haber tenido diversas reuniones con las 45 comparsas del Carnaval, las cuales respaldan la decisi\u00f3n tomada, pues reconocen que no deben arriesgar su salud, ya que se supera las 200 mil personas por desfile.<\/p>\n\n\n\n<p>El funcionario municipal, dijo no recordar una situaci\u00f3n de este tipo, que por algun problema sanitario u otro motivo se haya pospuesto el Carnaval de Veracruz, aunque conf\u00eda que las condiciones en el segundo semestre del 2021, sean aptas para llevarlo a cabo.<\/p>\n","protected":false},"excerpt":{"rendered":"<p>Alejandro \u00c1vila Veracruz, Ver.- A pesar de la suspensi\u00f3n temporal del Carnaval de Veracruz 2021, el Comit\u00e9 Organizador contin\u00faa trabajando para tener todo listo en caso de que la festividad se lleve a cabo en verano, entre los meses de junio y julio. El presidente del Comit\u00e9 de Carnaval Luis Antonio P\u00e9rez Fraga, mencion\u00f3 que [&hellip;]<\/p>\n","protected":false},"author":1,"featured_media":7131,"comment_status":"open","ping_status":"open","sticky":false,"template":"","format":"standard","meta":{"_jetpack_memberships_contains_paid_content":false,"footnotes":""},"categories":[2],"tags":[],"class_list":["post-7130","post","type-post","status-publish","format-standard","has-post-thumbnail","hentry","category-estado"],"jetpack_featured_media_url":"https:\/\/encuentroinformativo.com.mx\/wp-content\/uploads\/2020\/10\/CB44B17A-8CC2-4663-ADAB-D1F33DBF71D8.jpeg","jetpack_sharing_enabled":true,"jetpack_likes_enabled":true,"amp_enabled":true,"_links":{"self":[{"href":"https:\/\/encuentroinformativo.com.mx\/index.php?rest_route=\/wp\/v2\/posts\/7130","targetHints":{"allow":["GET"]}}],"collection":[{"href":"https:\/\/encuentroinformativo.com.mx\/index.php?rest_route=\/wp\/v2\/posts"}],"about":[{"href":"https:\/\/encuentroinformativo.com.mx\/index.php?rest_route=\/wp\/v2\/types\/post"}],"author":[{"embeddable":true,"href":"https:\/\/encuentroinformativo.com.mx\/index.php?rest_route=\/wp\/v2\/users\/1"}],"replies":[{"embeddable":true,"href":"https:\/\/encuentroinformativo.com.mx\/index.php?rest_route=%2Fwp%2Fv2%2Fcomments&post=7130"}],"version-history":[{"count":1,"href":"https:\/\/encuentroinformativo.com.mx\/index.php?rest_route=\/wp\/v2\/posts\/7130\/revisions"}],"predecessor-version":[{"id":7132,"href":"https:\/\/encuentroinformativo.com.mx\/index.php?rest_route=\/wp\/v2\/posts\/7130\/revisions\/7132"}],"wp:featuredmedia":[{"embeddable":true,"href":"https:\/\/encuentroinformativo.com.mx\/index.php?rest_route=\/wp\/v2\/media\/7131"}],"wp:attachment":[{"href":"https:\/\/encuentroinformativo.com.mx\/index.php?rest_route=%2Fwp%2Fv2%2Fmedia&parent=7130"}],"wp:term":[{"taxonomy":"category","embeddable":true,"href":"https:\/\/encuentroinformativo.com.mx\/index.php?rest_route=%2Fwp%2Fv2%2Fcategories&post=7130"},{"taxonomy":"post_tag","embeddable":true,"href":"https:\/\/encuentroinformativo.com.mx\/index.php?rest_route=%2Fwp%2Fv2%2Ftags&post=7130"}],"curies":[{"name":"wp","href":"https:\/\/api.w.org\/{rel}","templated":true}]}}