{"id":71303,"date":"2025-09-26T12:26:42","date_gmt":"2025-09-26T18:26:42","guid":{"rendered":"https:\/\/encuentroinformativo.com.mx\/?p=71303"},"modified":"2025-09-26T12:26:42","modified_gmt":"2025-09-26T18:26:42","slug":"invitan-jovenes-a-hora-santa-para-prevenir-suicidios","status":"publish","type":"post","link":"https:\/\/encuentroinformativo.com.mx\/?p=71303","title":{"rendered":"Invitan j\u00f3venes a &#8220;Hora Santa&#8221; para prevenir suicidios"},"content":{"rendered":"<p><strong>Dar\u00edo Pale<\/strong><\/p>\n<p>Xalapa, Ver.- Convocan j\u00f3venes cat\u00f3licos de Xalapa a una Hora Santa para prevenir el suicidio, la oraci\u00f3n ser\u00e1 este s\u00e1bado, abajo del puente Xallitic a las 7 de la noche<\/p>\n<p>El suicidio es un problema silencioso que puede aparecer en el momento menos esperado. Conscientes de esta realidad, un grupo de j\u00f3venes cat\u00f3licos de diversas parroquias de Xalapa manifestaron su preocupaci\u00f3n ante el aumento de casos de suicidio en la ciudad y anunciaron una jornada de oraci\u00f3n y acompa\u00f1amiento para quienes atraviesan situaciones de desesperanza.<\/p>\n<p>Los organizadores, entre ellos Jos\u00e9 \u00c1ngel, Chante Durano y Estrella Dur\u00e1n Ortega, explicaron que el suicidio es un fen\u00f3meno multifactorial relacionado con depresi\u00f3n, ansiedad, enfermedades, problemas econ\u00f3micos, violencia, soledad y desesperaci\u00f3n.<\/p>\n<p>\u201cSin pretender juzgar a nadie, entendemos que el suicidio es un problema con muchas causas; podemos ver a un amigo sonriendo sin saber que sus angustias viven en su interior\u201d, expusieron.<\/p>\n<p>De acuerdo con datos que citaron, en M\u00e9xico actualmente se presentan alrededor de siete casos por cada 10 mil habitantes.<\/p>\n<p>\u201cAunque los especialistas afirman que la mayor\u00eda de los suicidios est\u00e1n ligados a patolog\u00edas psiqui\u00e1tricas, la decisi\u00f3n final de quitarse la vida la toma un joven en soledad. Por eso queremos decirles a otros j\u00f3venes como nosotros que no est\u00e1n solos, que sus problemas, por graves que sean, tienen soluci\u00f3n y que tienen en nosotros a un amigo dispuesto a escucharlos y acompa\u00f1arlos\u201d, a\u00f1adieron.<\/p>\n<p>Como parte de esta iniciativa, los j\u00f3venes crearon la p\u00e1gina de Facebook \u201cAliados de Coraz\u00f3n\u201d, donde cualquier persona puede contactarlos para recibir apoyo, compa\u00f1\u00eda o simplemente ser escuchada. Tambi\u00e9n recordaron el tel\u00e9fono de ayuda 800-911-2000, disponible para todo el pa\u00eds.<\/p>\n<p>Adem\u00e1s, anunciaron que ma\u00f1ana s\u00e1bado 27 de septiembre a las 19:00 horas, se llevar\u00e1 a cabo una Hora Santa de oraci\u00f3n \u201cbajo el puente Xallitic\u201d, invitando a la comunidad cat\u00f3lica de Jalapa y a toda la poblaci\u00f3n a asistir con ropa clara o blanca y portar una vela o veladora.<\/p>\n<p>Explicaron que eligieron este lugar por su simbolismo, ya que ha sido escenario de varios suicidios. \u201cQueremos rezar por quienes sufren y est\u00e1n pensando que esa es la \u00fanica salida, as\u00ed como por las personas que lamentablemente hoy ya no nos acompa\u00f1an, implorando a Dios su misericordia\u201d, comentaron.<\/p>\n<p>Los organizadores pidieron a las autoridades mayor difusi\u00f3n de los mecanismos de auxilio disponibles para prevenir el suicidio. Agradecieron al Frente Nacional por la Familia por sumarse a la promoci\u00f3n de esta iniciativa y convocaron a medios de comunicaci\u00f3n y ciudadan\u00eda a difundir el evento y los canales de ayuda.<\/p>\n<p>Finalmente los j\u00f3venes cat\u00f3licos comentaron, \u201cprotejamos la vida en todo momento y circunstancia. No est\u00e1n solos\u201d.<\/p>\n<p>&nbsp;<\/p>\n","protected":false},"excerpt":{"rendered":"<p>Dar\u00edo Pale Xalapa, Ver.- Convocan j\u00f3venes cat\u00f3licos de Xalapa a una Hora Santa para prevenir el suicidio, la oraci\u00f3n ser\u00e1 este s\u00e1bado, abajo del puente Xallitic a las 7 de la noche El suicidio es un problema silencioso que puede aparecer en el momento menos esperado. Conscientes de esta realidad, un grupo de j\u00f3venes cat\u00f3licos [&hellip;]<\/p>\n","protected":false},"author":2476,"featured_media":71304,"comment_status":"open","ping_status":"open","sticky":false,"template":"","format":"standard","meta":{"_jetpack_memberships_contains_paid_content":false,"footnotes":""},"categories":[3],"tags":[],"class_list":["post-71303","post","type-post","status-publish","format-standard","has-post-thumbnail","hentry","category-xalapa"],"jetpack_featured_media_url":"https:\/\/encuentroinformativo.com.mx\/wp-content\/uploads\/2025\/09\/IMG-20250926-WA0119.jpg","jetpack_sharing_enabled":true,"jetpack_likes_enabled":true,"amp_enabled":true,"_links":{"self":[{"href":"https:\/\/encuentroinformativo.com.mx\/index.php?rest_route=\/wp\/v2\/posts\/71303","targetHints":{"allow":["GET"]}}],"collection":[{"href":"https:\/\/encuentroinformativo.com.mx\/index.php?rest_route=\/wp\/v2\/posts"}],"about":[{"href":"https:\/\/encuentroinformativo.com.mx\/index.php?rest_route=\/wp\/v2\/types\/post"}],"author":[{"embeddable":true,"href":"https:\/\/encuentroinformativo.com.mx\/index.php?rest_route=\/wp\/v2\/users\/2476"}],"replies":[{"embeddable":true,"href":"https:\/\/encuentroinformativo.com.mx\/index.php?rest_route=%2Fwp%2Fv2%2Fcomments&post=71303"}],"version-history":[{"count":1,"href":"https:\/\/encuentroinformativo.com.mx\/index.php?rest_route=\/wp\/v2\/posts\/71303\/revisions"}],"predecessor-version":[{"id":71305,"href":"https:\/\/encuentroinformativo.com.mx\/index.php?rest_route=\/wp\/v2\/posts\/71303\/revisions\/71305"}],"wp:featuredmedia":[{"embeddable":true,"href":"https:\/\/encuentroinformativo.com.mx\/index.php?rest_route=\/wp\/v2\/media\/71304"}],"wp:attachment":[{"href":"https:\/\/encuentroinformativo.com.mx\/index.php?rest_route=%2Fwp%2Fv2%2Fmedia&parent=71303"}],"wp:term":[{"taxonomy":"category","embeddable":true,"href":"https:\/\/encuentroinformativo.com.mx\/index.php?rest_route=%2Fwp%2Fv2%2Fcategories&post=71303"},{"taxonomy":"post_tag","embeddable":true,"href":"https:\/\/encuentroinformativo.com.mx\/index.php?rest_route=%2Fwp%2Fv2%2Ftags&post=71303"}],"curies":[{"name":"wp","href":"https:\/\/api.w.org\/{rel}","templated":true}]}}