{"id":71306,"date":"2025-09-26T13:11:04","date_gmt":"2025-09-26T19:11:04","guid":{"rendered":"https:\/\/encuentroinformativo.com.mx\/?p=71306"},"modified":"2025-09-26T13:11:04","modified_gmt":"2025-09-26T19:11:04","slug":"funcionarios-participaran-de-manera-libre-en-desfile-de-catrinas-xochitl-molina","status":"publish","type":"post","link":"https:\/\/encuentroinformativo.com.mx\/?p=71306","title":{"rendered":"Funcionarios participar\u00e1n de manera &#8220;libre&#8221; en Desfile de Catrinas: X\u00f3chitl Molina"},"content":{"rendered":"<p><strong>Dar\u00edo Pale<\/strong><\/p>\n<p>Xalapa, Ver.- La titular de la Secretar\u00eda de Cultura del Estado, X\u00f3chitl Molina confirm\u00f3 la realizaci\u00f3n del Desfile de Catrinas en la Ciudad de Xalapa, pero a diferencia de la administraci\u00f3n pasada no se obligar\u00e1 a los trabajadores de dependencias a participar en el.<\/p>\n<p>El desfile con motivo del D\u00eda de Muertos en Xalapa se llevar\u00e1 a cabo entre el 28 y el 29 de octubre, y ser\u00e1 alrededor de las 5 de la tarde y todos estar\u00e1n invitados a participar sin presiones para el personal de la estructura gubernamental, \u201cson bienvenidos, no obligados\u201d, asegur\u00f3.<\/p>\n<p>Tras asegurar que se tienen preparados diferentes eventos en los 212 municipios en el marco de la celebraci\u00f3n del D\u00eda de Muertos, la funcionaria confirm\u00f3 la realizaci\u00f3n del desfile monumental.<\/p>\n<p>Tambi\u00e9n refiri\u00f3 que dentro de las actividades se har\u00e1 el festival Xantolo en Tempoal y Tantoyuca que son emblem\u00e1ticos.<\/p>\n<p>\u201cEst\u00e1n todos y todas invitadas con sus caracterizaciones, con todo lo que quieran ponerse, las catrinas, en un evento grand\u00edsimo, lo vamos a hacer a finales de octubre, ser\u00e1 la tarde entre 28 y 29 de octubre, porque la comunidad cultural tambi\u00e9n tiene sus eventos\u201d, coment\u00f3.<\/p>\n<p>Asimismo, dijo que todas las dependencias est\u00e1n invitadas a hacer los altares de muertos y participar\u00e1n en el desfile, pero solo aquellas que as\u00ed lo deseen.<\/p>\n<p>\u201cAhora ser\u00e1 m\u00e1s comunitaria, estamos invitando a la comunidad a que participe, tambi\u00e9n las instituciones que deseen participar son bienvenidos, no obligados\u201d.<\/p>\n<p>La secretaria de Cultura destac\u00f3 que durante las festividades del 1 y 2 de noviembre se prev\u00e9 la realizaci\u00f3n de Xantolo en Tempoal, en Tantoyuca, pero tambi\u00e9n la celebraci\u00f3n en los 212 municipios, donde se presume la gastronom\u00eda, arcos, flores.<\/p>\n<p>\u201cRecibimos a todos nuestros visitantes para que disfruten de estos d\u00edas, los mexicanos celebramos de esta manera, cantando, celebrando, bailando a nuestros difuntos\u201d.<\/p>\n<p>Acerca de la participaci\u00f3n de Veracruz en el Festival Cervantino de Guanajuato. Es del 10 al 26 de octubre y el 27 se hace una despedida con Reino Unido, Guanajuato, la Ciudad de M\u00e9xico, Veracruz y las dependencias.<\/p>\n<p>\u201cEs una gran responsabilidad, no dormimos. Va a haber una representaci\u00f3n de la grandeza cultural del estado\u201d, agreg\u00f3.<\/p>\n<p>Finalmente con respecto a la pirotecnia el D\u00eda del Grito, precis\u00f3 que la Secretar\u00eda de Cultura s\u00ed utiliz\u00f3 luces fr\u00edas.<\/p>\n","protected":false},"excerpt":{"rendered":"<p>Dar\u00edo Pale Xalapa, Ver.- La titular de la Secretar\u00eda de Cultura del Estado, X\u00f3chitl Molina confirm\u00f3 la realizaci\u00f3n del Desfile de Catrinas en la Ciudad de Xalapa, pero a diferencia de la administraci\u00f3n pasada no se obligar\u00e1 a los trabajadores de dependencias a participar en el. El desfile con motivo del D\u00eda de Muertos en [&hellip;]<\/p>\n","protected":false},"author":2476,"featured_media":71307,"comment_status":"open","ping_status":"open","sticky":false,"template":"","format":"standard","meta":{"_jetpack_memberships_contains_paid_content":false,"footnotes":""},"categories":[2],"tags":[],"class_list":["post-71306","post","type-post","status-publish","format-standard","has-post-thumbnail","hentry","category-estado"],"jetpack_featured_media_url":"https:\/\/encuentroinformativo.com.mx\/wp-content\/uploads\/2025\/09\/IMG-20250926-WA01702.jpg","jetpack_sharing_enabled":true,"jetpack_likes_enabled":true,"amp_enabled":true,"_links":{"self":[{"href":"https:\/\/encuentroinformativo.com.mx\/index.php?rest_route=\/wp\/v2\/posts\/71306","targetHints":{"allow":["GET"]}}],"collection":[{"href":"https:\/\/encuentroinformativo.com.mx\/index.php?rest_route=\/wp\/v2\/posts"}],"about":[{"href":"https:\/\/encuentroinformativo.com.mx\/index.php?rest_route=\/wp\/v2\/types\/post"}],"author":[{"embeddable":true,"href":"https:\/\/encuentroinformativo.com.mx\/index.php?rest_route=\/wp\/v2\/users\/2476"}],"replies":[{"embeddable":true,"href":"https:\/\/encuentroinformativo.com.mx\/index.php?rest_route=%2Fwp%2Fv2%2Fcomments&post=71306"}],"version-history":[{"count":1,"href":"https:\/\/encuentroinformativo.com.mx\/index.php?rest_route=\/wp\/v2\/posts\/71306\/revisions"}],"predecessor-version":[{"id":71308,"href":"https:\/\/encuentroinformativo.com.mx\/index.php?rest_route=\/wp\/v2\/posts\/71306\/revisions\/71308"}],"wp:featuredmedia":[{"embeddable":true,"href":"https:\/\/encuentroinformativo.com.mx\/index.php?rest_route=\/wp\/v2\/media\/71307"}],"wp:attachment":[{"href":"https:\/\/encuentroinformativo.com.mx\/index.php?rest_route=%2Fwp%2Fv2%2Fmedia&parent=71306"}],"wp:term":[{"taxonomy":"category","embeddable":true,"href":"https:\/\/encuentroinformativo.com.mx\/index.php?rest_route=%2Fwp%2Fv2%2Fcategories&post=71306"},{"taxonomy":"post_tag","embeddable":true,"href":"https:\/\/encuentroinformativo.com.mx\/index.php?rest_route=%2Fwp%2Fv2%2Ftags&post=71306"}],"curies":[{"name":"wp","href":"https:\/\/api.w.org\/{rel}","templated":true}]}}