{"id":71312,"date":"2025-09-26T14:49:15","date_gmt":"2025-09-26T20:49:15","guid":{"rendered":"https:\/\/encuentroinformativo.com.mx\/?p=71312"},"modified":"2025-09-26T14:49:15","modified_gmt":"2025-09-26T20:49:15","slug":"preocupa-a-organizaciones-reforma-a-la-ley-de-amparo","status":"publish","type":"post","link":"https:\/\/encuentroinformativo.com.mx\/?p=71312","title":{"rendered":"Preocupa a organizaciones Reforma a la Ley de Amparo"},"content":{"rendered":"<p><strong>Dar\u00edo Pale<\/strong><\/p>\n<p>Xalapa, Ver.- La reforma a la Ley de Amparo propuesta por la presidenta de M\u00e9xico ha generado expectativas y preocupaciones en diferentes sectores, incluyendo grupos originarios, asociaciones civiles y movimientos sociales.<\/p>\n<p>Jorge Morales Barradas, vocero del Movimiento de Lucha Social en favor de la reclasificaci\u00f3n de tarifas el\u00e9ctricas en el estado de Veracruz, expres\u00f3 su opini\u00f3n sobre esta reforma y su posible impacto.<\/p>\n<p>Morales Barradas considera que la reforma podr\u00eda afectar negativamente a los ciudadanos que recurren a la Ley de Amparo para defender sus derechos, destac\u00f3 la importancia de que el pueblo est\u00e9 informado y participe en la discusi\u00f3n sobre esta reforma.<\/p>\n<p>Pidi\u00f3 a los diputados y senadores que analicen cuidadosamente la reforma y consideren las posibles consecuencias para el pueblo.<\/p>\n<p>El vocero del Movimiento de Lucha Social enfatiz\u00f3 que la reforma podr\u00eda afectar a las familias veracruzanas que luchan por sus derechos, incluyendo el derecho a una tarifa el\u00e9ctrica justa, por lo que solicit\u00f3 a los representantes veracruzanos en la C\u00e1mara de Senadores que defiendan los intereses del pueblo y aboguen por una consulta p\u00fablica sobre la reforma.<\/p>\n<p>Hizo un llamado a los legisladores para que escuchen al pueblo y consideren sus necesidades y preocupaciones, por lo que pidi\u00f3 que se realice una consulta p\u00fablica sobre la reforma para que el pueblo est\u00e9 informado y pueda participar en la discusi\u00f3n.<\/p>\n<p>La consulta p\u00fablica permitir\u00eda al pueblo conocer los detalles de la reforma y expresar sus opiniones y preocupaciones, podr\u00eda ayudar a garantizar que la reforma sea justa y beneficie a los ciudadanos, en lugar de perjudicarlos.<\/p>\n","protected":false},"excerpt":{"rendered":"<p>Dar\u00edo Pale Xalapa, Ver.- La reforma a la Ley de Amparo propuesta por la presidenta de M\u00e9xico ha generado expectativas y preocupaciones en diferentes sectores, incluyendo grupos originarios, asociaciones civiles y movimientos sociales. Jorge Morales Barradas, vocero del Movimiento de Lucha Social en favor de la reclasificaci\u00f3n de tarifas el\u00e9ctricas en el estado de Veracruz, [&hellip;]<\/p>\n","protected":false},"author":2476,"featured_media":71313,"comment_status":"open","ping_status":"open","sticky":false,"template":"","format":"standard","meta":{"_jetpack_memberships_contains_paid_content":false,"footnotes":""},"categories":[3],"tags":[],"class_list":["post-71312","post","type-post","status-publish","format-standard","has-post-thumbnail","hentry","category-xalapa"],"jetpack_featured_media_url":"https:\/\/encuentroinformativo.com.mx\/wp-content\/uploads\/2025\/09\/IMG-20250926-WA0206.jpg","jetpack_sharing_enabled":true,"jetpack_likes_enabled":true,"amp_enabled":true,"_links":{"self":[{"href":"https:\/\/encuentroinformativo.com.mx\/index.php?rest_route=\/wp\/v2\/posts\/71312","targetHints":{"allow":["GET"]}}],"collection":[{"href":"https:\/\/encuentroinformativo.com.mx\/index.php?rest_route=\/wp\/v2\/posts"}],"about":[{"href":"https:\/\/encuentroinformativo.com.mx\/index.php?rest_route=\/wp\/v2\/types\/post"}],"author":[{"embeddable":true,"href":"https:\/\/encuentroinformativo.com.mx\/index.php?rest_route=\/wp\/v2\/users\/2476"}],"replies":[{"embeddable":true,"href":"https:\/\/encuentroinformativo.com.mx\/index.php?rest_route=%2Fwp%2Fv2%2Fcomments&post=71312"}],"version-history":[{"count":1,"href":"https:\/\/encuentroinformativo.com.mx\/index.php?rest_route=\/wp\/v2\/posts\/71312\/revisions"}],"predecessor-version":[{"id":71314,"href":"https:\/\/encuentroinformativo.com.mx\/index.php?rest_route=\/wp\/v2\/posts\/71312\/revisions\/71314"}],"wp:featuredmedia":[{"embeddable":true,"href":"https:\/\/encuentroinformativo.com.mx\/index.php?rest_route=\/wp\/v2\/media\/71313"}],"wp:attachment":[{"href":"https:\/\/encuentroinformativo.com.mx\/index.php?rest_route=%2Fwp%2Fv2%2Fmedia&parent=71312"}],"wp:term":[{"taxonomy":"category","embeddable":true,"href":"https:\/\/encuentroinformativo.com.mx\/index.php?rest_route=%2Fwp%2Fv2%2Fcategories&post=71312"},{"taxonomy":"post_tag","embeddable":true,"href":"https:\/\/encuentroinformativo.com.mx\/index.php?rest_route=%2Fwp%2Fv2%2Ftags&post=71312"}],"curies":[{"name":"wp","href":"https:\/\/api.w.org\/{rel}","templated":true}]}}