{"id":71315,"date":"2025-09-26T15:00:26","date_gmt":"2025-09-26T21:00:26","guid":{"rendered":"https:\/\/encuentroinformativo.com.mx\/?p=71315"},"modified":"2025-09-26T15:00:26","modified_gmt":"2025-09-26T21:00:26","slug":"pc-de-alvarado-suspende-obra-en-riviera-veracruzana-por-derrumbe-de-cimbra","status":"publish","type":"post","link":"https:\/\/encuentroinformativo.com.mx\/?p=71315","title":{"rendered":"PC de Alvarado suspende obra en Riviera Veracruzana por derrumbe de cimbra"},"content":{"rendered":"<p><strong>Alejandro \u00c1vila<\/strong><\/p>\n<p>Alvarado, Ver.- Personal de Protecci\u00f3n Civil de Alvarado a cargo de Daniel Eduardo Romero Pilar, suspendi\u00f3 temporalmente una obra en la Riviera Veracruzana debido al derrumbe de una cimbra.<\/p>\n<p>El colapso de la estructura se registr\u00f3 en la ma\u00f1ana de este viernes 26 de septiembre a un costado de la zona residencial Lomas del Mar sobre la carretera Boca del R\u00edo &#8211; Ant\u00f3n Lizardo.<\/p>\n<p>Al sitio se movilizaron diversas corporaciones de auxilio pues se report\u00f3 una persona cubierta por los escombros, aunque afortunadamente la informaci\u00f3n fue falsa.<\/p>\n<p>Testigos indicaron que los alba\u00f1iles trabajaron toda la noche en realizar el colado del primer piso en lo que aparentemente ser\u00e1 una plaza comercial que se erige desde hace aproximadamente tres meses.<\/p>\n<p>Ya durante la ma\u00f1ana de hoy los presentes se\u00f1alaron que la cimbra comenz\u00f3 a colapsar por el peso del cemento vertido y se vinieron abajo las columnas y la infraestructura de madera que sosten\u00eda parte del lugar.<\/p>\n<p>Afortunadamente todos los trabajadores que en ese momento se encontraban en el interior lograron salir a tiempo del sitio y ninguno de ellos result\u00f3 lesionado, \u00fanicamente se llevaron un fuerte susto.<\/p>\n<p><img loading=\"lazy\" decoding=\"async\" class=\"aligncenter size-medium wp-image-71317\" src=\"https:\/\/encuentroinformativo.com.mx\/wp-content\/uploads\/2025\/09\/IMG-20250926-WA0246-300x225.jpg\" alt=\"\" width=\"300\" height=\"225\" srcset=\"https:\/\/encuentroinformativo.com.mx\/wp-content\/uploads\/2025\/09\/IMG-20250926-WA0246-300x225.jpg 300w, https:\/\/encuentroinformativo.com.mx\/wp-content\/uploads\/2025\/09\/IMG-20250926-WA0246-1024x768.jpg 1024w, https:\/\/encuentroinformativo.com.mx\/wp-content\/uploads\/2025\/09\/IMG-20250926-WA0246-768x576.jpg 768w, https:\/\/encuentroinformativo.com.mx\/wp-content\/uploads\/2025\/09\/IMG-20250926-WA0246-1536x1152.jpg 1536w, https:\/\/encuentroinformativo.com.mx\/wp-content\/uploads\/2025\/09\/IMG-20250926-WA0246.jpg 1600w\" sizes=\"auto, (max-width: 300px) 100vw, 300px\" \/><\/p>\n","protected":false},"excerpt":{"rendered":"<p>Alejandro \u00c1vila Alvarado, Ver.- Personal de Protecci\u00f3n Civil de Alvarado a cargo de Daniel Eduardo Romero Pilar, suspendi\u00f3 temporalmente una obra en la Riviera Veracruzana debido al derrumbe de una cimbra. El colapso de la estructura se registr\u00f3 en la ma\u00f1ana de este viernes 26 de septiembre a un costado de la zona residencial Lomas [&hellip;]<\/p>\n","protected":false},"author":2476,"featured_media":71316,"comment_status":"open","ping_status":"open","sticky":false,"template":"","format":"standard","meta":{"_jetpack_memberships_contains_paid_content":false,"footnotes":""},"categories":[2],"tags":[],"class_list":["post-71315","post","type-post","status-publish","format-standard","has-post-thumbnail","hentry","category-estado"],"jetpack_featured_media_url":"https:\/\/encuentroinformativo.com.mx\/wp-content\/uploads\/2025\/09\/IMG-20250926-WA0247.jpg","jetpack_sharing_enabled":true,"jetpack_likes_enabled":true,"amp_enabled":true,"_links":{"self":[{"href":"https:\/\/encuentroinformativo.com.mx\/index.php?rest_route=\/wp\/v2\/posts\/71315","targetHints":{"allow":["GET"]}}],"collection":[{"href":"https:\/\/encuentroinformativo.com.mx\/index.php?rest_route=\/wp\/v2\/posts"}],"about":[{"href":"https:\/\/encuentroinformativo.com.mx\/index.php?rest_route=\/wp\/v2\/types\/post"}],"author":[{"embeddable":true,"href":"https:\/\/encuentroinformativo.com.mx\/index.php?rest_route=\/wp\/v2\/users\/2476"}],"replies":[{"embeddable":true,"href":"https:\/\/encuentroinformativo.com.mx\/index.php?rest_route=%2Fwp%2Fv2%2Fcomments&post=71315"}],"version-history":[{"count":1,"href":"https:\/\/encuentroinformativo.com.mx\/index.php?rest_route=\/wp\/v2\/posts\/71315\/revisions"}],"predecessor-version":[{"id":71318,"href":"https:\/\/encuentroinformativo.com.mx\/index.php?rest_route=\/wp\/v2\/posts\/71315\/revisions\/71318"}],"wp:featuredmedia":[{"embeddable":true,"href":"https:\/\/encuentroinformativo.com.mx\/index.php?rest_route=\/wp\/v2\/media\/71316"}],"wp:attachment":[{"href":"https:\/\/encuentroinformativo.com.mx\/index.php?rest_route=%2Fwp%2Fv2%2Fmedia&parent=71315"}],"wp:term":[{"taxonomy":"category","embeddable":true,"href":"https:\/\/encuentroinformativo.com.mx\/index.php?rest_route=%2Fwp%2Fv2%2Fcategories&post=71315"},{"taxonomy":"post_tag","embeddable":true,"href":"https:\/\/encuentroinformativo.com.mx\/index.php?rest_route=%2Fwp%2Fv2%2Ftags&post=71315"}],"curies":[{"name":"wp","href":"https:\/\/api.w.org\/{rel}","templated":true}]}}