{"id":71325,"date":"2025-09-27T13:49:03","date_gmt":"2025-09-27T19:49:03","guid":{"rendered":"https:\/\/encuentroinformativo.com.mx\/?p=71325"},"modified":"2025-09-27T13:49:03","modified_gmt":"2025-09-27T19:49:03","slug":"incrementa-numero-de-municipios-secos-en-veracruz-conagua","status":"publish","type":"post","link":"https:\/\/encuentroinformativo.com.mx\/?p=71325","title":{"rendered":"Incrementa n\u00famero de municipios &#8220;secos&#8221; en Veracruz: Conagua"},"content":{"rendered":"<p><strong>Dar\u00edo Pale<\/strong><\/p>\n<p>Xalapa, Ver.- La Comisi\u00f3n Nacional del Agua (Conagua) inform\u00f3 que el estado de Veracruz ha visto un aumento en el n\u00famero de municipios catalogados como &#8220;anormalmente secos&#8221;, a pesar de que la sequ\u00eda moderada ha disminuido en la entidad.<\/p>\n<p>Seg\u00fan Jessica Luna Lagunes, jefa del Proyecto de Hidrometeorolog\u00eda de la Cuenca Golfo Centro de la Conagua, el n\u00famero de municipios con esta condici\u00f3n se duplic\u00f3 entre el 31 de agosto y el 15 de septiembre, pasando de 30 a 71.<\/p>\n<p>Dio a conocer que 43 municipios se ubican en la franja que va de la Cuenca del Tuxpan al Jamapa, 20 municipios se ubican en la Cuenca del Papaloapan, 8 municipios se ubican en la Cuenca del Coatzacoalcos.<\/p>\n<p>La sequ\u00eda moderada se redujo de 6 a 2 municipios, ubicados en Jes\u00fas Carranza y Uxpanapa, ambos en la cuenca del Coatzacoalcos, la condici\u00f3n &#8220;anormalmente seca&#8221; refleja que las lluvias registradas hasta ahora no han alcanzado los promedios de un septiembre t\u00edpico.<\/p>\n<p>\u201cEsto refleja la falta de lluvias que se ha tenido pues durante esta primera quincena de septiembre, aunque s\u00ed ha llovido no ha sido, pues lo suficiente para terminar del todo estos municipios anormalmente secos\u201d, coment\u00f3.<\/p>\n<p>La falta de lluvias durante la primera quincena de septiembre ha contribuido a la condici\u00f3n de sequedad en los municipios, la especialista advirti\u00f3 que, aunque ha llovido, no ha sido suficiente para terminar con la condici\u00f3n de sequedad en los municipios afectados.<\/p>\n","protected":false},"excerpt":{"rendered":"<p>Dar\u00edo Pale Xalapa, Ver.- La Comisi\u00f3n Nacional del Agua (Conagua) inform\u00f3 que el estado de Veracruz ha visto un aumento en el n\u00famero de municipios catalogados como &#8220;anormalmente secos&#8221;, a pesar de que la sequ\u00eda moderada ha disminuido en la entidad. Seg\u00fan Jessica Luna Lagunes, jefa del Proyecto de Hidrometeorolog\u00eda de la Cuenca Golfo Centro [&hellip;]<\/p>\n","protected":false},"author":2476,"featured_media":71326,"comment_status":"open","ping_status":"open","sticky":false,"template":"","format":"standard","meta":{"_jetpack_memberships_contains_paid_content":false,"footnotes":""},"categories":[2],"tags":[],"class_list":["post-71325","post","type-post","status-publish","format-standard","has-post-thumbnail","hentry","category-estado"],"jetpack_featured_media_url":"https:\/\/encuentroinformativo.com.mx\/wp-content\/uploads\/2025\/09\/IMG-20250927-WA0131.jpg","jetpack_sharing_enabled":true,"jetpack_likes_enabled":true,"amp_enabled":true,"_links":{"self":[{"href":"https:\/\/encuentroinformativo.com.mx\/index.php?rest_route=\/wp\/v2\/posts\/71325","targetHints":{"allow":["GET"]}}],"collection":[{"href":"https:\/\/encuentroinformativo.com.mx\/index.php?rest_route=\/wp\/v2\/posts"}],"about":[{"href":"https:\/\/encuentroinformativo.com.mx\/index.php?rest_route=\/wp\/v2\/types\/post"}],"author":[{"embeddable":true,"href":"https:\/\/encuentroinformativo.com.mx\/index.php?rest_route=\/wp\/v2\/users\/2476"}],"replies":[{"embeddable":true,"href":"https:\/\/encuentroinformativo.com.mx\/index.php?rest_route=%2Fwp%2Fv2%2Fcomments&post=71325"}],"version-history":[{"count":1,"href":"https:\/\/encuentroinformativo.com.mx\/index.php?rest_route=\/wp\/v2\/posts\/71325\/revisions"}],"predecessor-version":[{"id":71327,"href":"https:\/\/encuentroinformativo.com.mx\/index.php?rest_route=\/wp\/v2\/posts\/71325\/revisions\/71327"}],"wp:featuredmedia":[{"embeddable":true,"href":"https:\/\/encuentroinformativo.com.mx\/index.php?rest_route=\/wp\/v2\/media\/71326"}],"wp:attachment":[{"href":"https:\/\/encuentroinformativo.com.mx\/index.php?rest_route=%2Fwp%2Fv2%2Fmedia&parent=71325"}],"wp:term":[{"taxonomy":"category","embeddable":true,"href":"https:\/\/encuentroinformativo.com.mx\/index.php?rest_route=%2Fwp%2Fv2%2Fcategories&post=71325"},{"taxonomy":"post_tag","embeddable":true,"href":"https:\/\/encuentroinformativo.com.mx\/index.php?rest_route=%2Fwp%2Fv2%2Ftags&post=71325"}],"curies":[{"name":"wp","href":"https:\/\/api.w.org\/{rel}","templated":true}]}}