{"id":71329,"date":"2025-09-27T14:00:37","date_gmt":"2025-09-27T20:00:37","guid":{"rendered":"https:\/\/encuentroinformativo.com.mx\/?p=71329"},"modified":"2025-09-27T14:00:37","modified_gmt":"2025-09-27T20:00:37","slug":"jorge-medina-y-josi-cuen-idolos-de-la-banda-triunfan-en-veracruz","status":"publish","type":"post","link":"https:\/\/encuentroinformativo.com.mx\/?p=71329","title":{"rendered":"Jorge Medina y Josi Cuen, \u00eddolos de la banda triunfan en Veracruz"},"content":{"rendered":"<p><strong>Alejandro \u00c1vila<\/strong><\/p>\n<p>Veracruz, Ver.- La noche del viernes se convirti\u00f3 en una fiesta inolvidable en el estadio \u201cBeto \u00c1vila\u201d de Veracruz, donde Jorge Medina y Josi Cuen presentaron su gira &#8220;La M\u00e1quina del Tiempo Tour&#8221; ante miles de asistentes que corearon cada una de sus canciones.<\/p>\n<p>Con un repertorio que incluy\u00f3 \u00e9xitos propios y aquellos que cantaron como vocalistas de La Arrolladora Banda El Lim\u00f3n, Jorge Medina y Josi Cuen cautivaron de nueva cuenta al p\u00fablico veracruzano con su m\u00fasica y carisma. Canciones como &#8220;En los puritos huesos&#8221; resonaron en el estadio, generando aplausos y ovaciones que no cesaron.<\/p>\n<p>Jorge Medina y Josi Cuen cantaron \u00e9xitos como: Entrega de amor, A pesar de todo, La m\u00e1quina del tiempo, Traicionera, \u00bfQui\u00e9n pomp\u00f3?, Comp\u00e1reme, En tiempo y forma, Ni\u00f1a de mi coraz\u00f3n, Vali\u00f3 la pena, Secretos de mi memoria, entre muchos otros, al mismo tiempo que alternaban y bromeaban con el p\u00fablico.<\/p>\n<p>La dupla de ex vocalistas de La Arrolladora Banda El Lim\u00f3n demostr\u00f3 por qu\u00e9 son considerados los consentidos del regional mexicano. Su qu\u00edmica en el escenario y su capacidad para conectar con el p\u00fablico fueron clave para el \u00e9xito del concierto.<\/p>\n<p>La gira &#8220;La M\u00e1quina del Tiempo Tour&#8221; de Jorge Medina y Josi Cuen fue un \u00e9xito rotundo en Veracruz, demostrando que su m\u00fasica sigue siendo relevante y que su legado como parte de La Arrolladora Banda El Lim\u00f3n sigue vigente. El p\u00fablico veracruzano se despidi\u00f3 de ellos con aplausos y ovaciones, demostrando que su paso por el estadio Beto \u00c1vila fue inolvidable.<\/p>\n<p>Sin duda alguna fue una gran velada de regional mexicano que no se olvidar\u00e1.<\/p>\n","protected":false},"excerpt":{"rendered":"<p>Alejandro \u00c1vila Veracruz, Ver.- La noche del viernes se convirti\u00f3 en una fiesta inolvidable en el estadio \u201cBeto \u00c1vila\u201d de Veracruz, donde Jorge Medina y Josi Cuen presentaron su gira &#8220;La M\u00e1quina del Tiempo Tour&#8221; ante miles de asistentes que corearon cada una de sus canciones. Con un repertorio que incluy\u00f3 \u00e9xitos propios y aquellos [&hellip;]<\/p>\n","protected":false},"author":2476,"featured_media":71330,"comment_status":"open","ping_status":"open","sticky":false,"template":"","format":"standard","meta":{"_jetpack_memberships_contains_paid_content":false,"footnotes":""},"categories":[2],"tags":[],"class_list":["post-71329","post","type-post","status-publish","format-standard","has-post-thumbnail","hentry","category-estado"],"jetpack_featured_media_url":"https:\/\/encuentroinformativo.com.mx\/wp-content\/uploads\/2025\/09\/IMG-20250927-WA0138.jpg","jetpack_sharing_enabled":true,"jetpack_likes_enabled":true,"amp_enabled":true,"_links":{"self":[{"href":"https:\/\/encuentroinformativo.com.mx\/index.php?rest_route=\/wp\/v2\/posts\/71329","targetHints":{"allow":["GET"]}}],"collection":[{"href":"https:\/\/encuentroinformativo.com.mx\/index.php?rest_route=\/wp\/v2\/posts"}],"about":[{"href":"https:\/\/encuentroinformativo.com.mx\/index.php?rest_route=\/wp\/v2\/types\/post"}],"author":[{"embeddable":true,"href":"https:\/\/encuentroinformativo.com.mx\/index.php?rest_route=\/wp\/v2\/users\/2476"}],"replies":[{"embeddable":true,"href":"https:\/\/encuentroinformativo.com.mx\/index.php?rest_route=%2Fwp%2Fv2%2Fcomments&post=71329"}],"version-history":[{"count":1,"href":"https:\/\/encuentroinformativo.com.mx\/index.php?rest_route=\/wp\/v2\/posts\/71329\/revisions"}],"predecessor-version":[{"id":71331,"href":"https:\/\/encuentroinformativo.com.mx\/index.php?rest_route=\/wp\/v2\/posts\/71329\/revisions\/71331"}],"wp:featuredmedia":[{"embeddable":true,"href":"https:\/\/encuentroinformativo.com.mx\/index.php?rest_route=\/wp\/v2\/media\/71330"}],"wp:attachment":[{"href":"https:\/\/encuentroinformativo.com.mx\/index.php?rest_route=%2Fwp%2Fv2%2Fmedia&parent=71329"}],"wp:term":[{"taxonomy":"category","embeddable":true,"href":"https:\/\/encuentroinformativo.com.mx\/index.php?rest_route=%2Fwp%2Fv2%2Fcategories&post=71329"},{"taxonomy":"post_tag","embeddable":true,"href":"https:\/\/encuentroinformativo.com.mx\/index.php?rest_route=%2Fwp%2Fv2%2Ftags&post=71329"}],"curies":[{"name":"wp","href":"https:\/\/api.w.org\/{rel}","templated":true}]}}