{"id":7133,"date":"2020-10-20T15:29:13","date_gmt":"2020-10-20T20:29:13","guid":{"rendered":"https:\/\/encuentroinformativo.com.mx\/?p=7133"},"modified":"2020-10-20T15:29:16","modified_gmt":"2020-10-20T20:29:16","slug":"repunta-ocupacion-hotelera-en-la-zona-conurbada","status":"publish","type":"post","link":"https:\/\/encuentroinformativo.com.mx\/?p=7133","title":{"rendered":"Repunta ocupaci\u00f3n hotelera en la zona conurbada"},"content":{"rendered":"\n<p><strong>Alejandro \u00c1vila<\/strong><\/p>\n\n\n\n<p>Veracruz, Ver.- Tras casi seis meses de nula actividad tur\u00edstica, el repunte en las \u00faltimas semanas ha sido considerable, llegando ya al 50 por ciento de ocupaci\u00f3n hotelera en la zona conurbada Veracruz &#8211; Boca del R\u00edo.<\/p>\n\n\n\n<p>El director de Turismo del Ayuntamiento de Veracruz, Jos\u00e9 Antonio Salvatori Arjona, coment\u00f3 que tras diversas reuniones con la Asociaci\u00f3n de Hoteles y Moteles, as\u00ed como con otros prestadores de servicios en la ciudad, estos han reportado mejores ventas y consideran que durante el \u00faltimo trimestre del a\u00f1os se puedan ir incrementando las cifras.<\/p>\n\n\n\n<p>&#8220;Hay un 45, un 50 por ciento de ocupaci\u00f3n hotelera (\u2026) en las \u00faltimas semanas por supuesto (\u2026) la pr\u00f3xima semana daremos a conocer un calendario, ya lo tenemos practicamente terminado, donde se van a hacer una serie de actividades por parte del Ayuntamiento, lo que viene siendo el famoso desfile de Catrinas, el concurso de altares, una serie de actividades que espero el pr\u00f3ximo lunes daremos a conocer&#8221;, apunt\u00f3.<\/p>\n\n\n\n<p>Salvatori Arjona, asegur\u00f3 que se preparan diversos productos de interes para el turista, a fin de que exista la iniciativa de ellos por venir a la ciudad a conocer, y evidentemente generar una importante derrama econ\u00f3mica, estos proyectos se ir\u00e1n presentando poco a poco, desde noviembre del 2020 y hasta finalizar el 2021.<\/p>\n\n\n\n<p>Finalmente, dijo que el proyecto de peatonizaci\u00f3n de la avenida Independencia ha generado un gran impacto en los comercios de la zona y ha reactivado el Centro Historico de la ciudad.<\/p>\n","protected":false},"excerpt":{"rendered":"<p>Alejandro \u00c1vila Veracruz, Ver.- Tras casi seis meses de nula actividad tur\u00edstica, el repunte en las \u00faltimas semanas ha sido considerable, llegando ya al 50 por ciento de ocupaci\u00f3n hotelera en la zona conurbada Veracruz &#8211; Boca del R\u00edo. El director de Turismo del Ayuntamiento de Veracruz, Jos\u00e9 Antonio Salvatori Arjona, coment\u00f3 que tras diversas [&hellip;]<\/p>\n","protected":false},"author":1,"featured_media":7134,"comment_status":"open","ping_status":"open","sticky":false,"template":"","format":"standard","meta":{"_jetpack_memberships_contains_paid_content":false,"footnotes":""},"categories":[2],"tags":[],"class_list":["post-7133","post","type-post","status-publish","format-standard","has-post-thumbnail","hentry","category-estado"],"jetpack_featured_media_url":"https:\/\/encuentroinformativo.com.mx\/wp-content\/uploads\/2020\/10\/BBDAA580-F9E4-4FE4-AF26-DC4698AE1C6A.jpeg","jetpack_sharing_enabled":true,"jetpack_likes_enabled":true,"amp_enabled":true,"_links":{"self":[{"href":"https:\/\/encuentroinformativo.com.mx\/index.php?rest_route=\/wp\/v2\/posts\/7133","targetHints":{"allow":["GET"]}}],"collection":[{"href":"https:\/\/encuentroinformativo.com.mx\/index.php?rest_route=\/wp\/v2\/posts"}],"about":[{"href":"https:\/\/encuentroinformativo.com.mx\/index.php?rest_route=\/wp\/v2\/types\/post"}],"author":[{"embeddable":true,"href":"https:\/\/encuentroinformativo.com.mx\/index.php?rest_route=\/wp\/v2\/users\/1"}],"replies":[{"embeddable":true,"href":"https:\/\/encuentroinformativo.com.mx\/index.php?rest_route=%2Fwp%2Fv2%2Fcomments&post=7133"}],"version-history":[{"count":1,"href":"https:\/\/encuentroinformativo.com.mx\/index.php?rest_route=\/wp\/v2\/posts\/7133\/revisions"}],"predecessor-version":[{"id":7135,"href":"https:\/\/encuentroinformativo.com.mx\/index.php?rest_route=\/wp\/v2\/posts\/7133\/revisions\/7135"}],"wp:featuredmedia":[{"embeddable":true,"href":"https:\/\/encuentroinformativo.com.mx\/index.php?rest_route=\/wp\/v2\/media\/7134"}],"wp:attachment":[{"href":"https:\/\/encuentroinformativo.com.mx\/index.php?rest_route=%2Fwp%2Fv2%2Fmedia&parent=7133"}],"wp:term":[{"taxonomy":"category","embeddable":true,"href":"https:\/\/encuentroinformativo.com.mx\/index.php?rest_route=%2Fwp%2Fv2%2Fcategories&post=7133"},{"taxonomy":"post_tag","embeddable":true,"href":"https:\/\/encuentroinformativo.com.mx\/index.php?rest_route=%2Fwp%2Fv2%2Ftags&post=7133"}],"curies":[{"name":"wp","href":"https:\/\/api.w.org\/{rel}","templated":true}]}}