{"id":71332,"date":"2025-09-27T14:10:57","date_gmt":"2025-09-27T20:10:57","guid":{"rendered":"https:\/\/encuentroinformativo.com.mx\/?p=71332"},"modified":"2025-09-27T14:10:57","modified_gmt":"2025-09-27T20:10:57","slug":"que-siga-la-democracia-avanza-como-nuevo-partido-politico","status":"publish","type":"post","link":"https:\/\/encuentroinformativo.com.mx\/?p=71332","title":{"rendered":"Que Siga la Democracia avanza como nuevo partido pol\u00edtico"},"content":{"rendered":"<p><strong>Alejandro \u00c1vila<\/strong><\/p>\n<p>Veracruz, Ver.- El presidente nacional de &#8220;Que Siga la Democracia&#8221;, Edgar Garza Ancira, inform\u00f3 sobre los avances del partido en su proceso de asambleas a nivel nacional, subrayando que desde su fundaci\u00f3n en octubre de 2021 ha recorrido el pa\u00eds escuchando a la ciudadan\u00eda y sumando esfuerzos para fortalecer el proyecto de naci\u00f3n.<\/p>\n<p>Garza Ancira destac\u00f3 que el partido busca abrir espacios para la participaci\u00f3n ciudadana, con \u00e9nfasis en los j\u00f3venes. \u201cLa gente, los j\u00f3venes, mujeres y hombres, ya quieren participar de una manera m\u00e1s activa en la pol\u00edtica y muchos no se encuentran identificados con los colores que hoy existen.<\/p>\n<p>Est\u00e1n encontrando en &#8220;Que Siga la Democracia&#8221; un espacio de participaci\u00f3n, un espacio donde puedan proponer y trabajar activamente\u201d, expres\u00f3.<\/p>\n<p>Dijo que en territorio veracruzano, la organizaci\u00f3n ya ha celebrado dos asambleas y tiene previstas nueve m\u00e1s para el mes de octubre, con un total de 19 programadas en la entidad.<\/p>\n<p>La coordinaci\u00f3n estatal est\u00e1 bajo la responsabilidad de Fernando Quir\u00f3s, a quien Garza Ancira reconoci\u00f3 como un joven con capacidad y compromiso en la construcci\u00f3n territorial y social.<\/p>\n<p>Entrevistado en Veracruz donde se habr\u00eda reunido con importantes liderazgos pol\u00edticos y ciudadanos acompa\u00f1ado de la delegada especial Jessica Vega, el dirigente nacional hizo un llamado abierto a la poblaci\u00f3n a sumarse al proyecto. \u201cQue Siga Democracia&#8221; no es solo militancia, es ser parte de una familia, es proponer, salir a las calles, trabajar e informarse para informar\u201d, se\u00f1al\u00f3.<\/p>\n<p>El partido proyecta alcanzar una base de alrededor de 1.2 millones de afiliados en el corto plazo, con el prop\u00f3sito de dar voz a la gente y consolidarse como una alternativa real en la vida pol\u00edtica nacional. Garza Ancira recalc\u00f3 que el movimiento est\u00e1 comprometido con transformar la pol\u00edtica tradicional y con el fortalecimiento del proyecto de naci\u00f3n.<\/p>\n","protected":false},"excerpt":{"rendered":"<p>Alejandro \u00c1vila Veracruz, Ver.- El presidente nacional de &#8220;Que Siga la Democracia&#8221;, Edgar Garza Ancira, inform\u00f3 sobre los avances del partido en su proceso de asambleas a nivel nacional, subrayando que desde su fundaci\u00f3n en octubre de 2021 ha recorrido el pa\u00eds escuchando a la ciudadan\u00eda y sumando esfuerzos para fortalecer el proyecto de naci\u00f3n. [&hellip;]<\/p>\n","protected":false},"author":2476,"featured_media":71333,"comment_status":"open","ping_status":"open","sticky":false,"template":"","format":"standard","meta":{"_jetpack_memberships_contains_paid_content":false,"footnotes":""},"categories":[2],"tags":[],"class_list":["post-71332","post","type-post","status-publish","format-standard","has-post-thumbnail","hentry","category-estado"],"jetpack_featured_media_url":"https:\/\/encuentroinformativo.com.mx\/wp-content\/uploads\/2025\/09\/IMG-20250927-WA0140.jpg","jetpack_sharing_enabled":true,"jetpack_likes_enabled":true,"amp_enabled":true,"_links":{"self":[{"href":"https:\/\/encuentroinformativo.com.mx\/index.php?rest_route=\/wp\/v2\/posts\/71332","targetHints":{"allow":["GET"]}}],"collection":[{"href":"https:\/\/encuentroinformativo.com.mx\/index.php?rest_route=\/wp\/v2\/posts"}],"about":[{"href":"https:\/\/encuentroinformativo.com.mx\/index.php?rest_route=\/wp\/v2\/types\/post"}],"author":[{"embeddable":true,"href":"https:\/\/encuentroinformativo.com.mx\/index.php?rest_route=\/wp\/v2\/users\/2476"}],"replies":[{"embeddable":true,"href":"https:\/\/encuentroinformativo.com.mx\/index.php?rest_route=%2Fwp%2Fv2%2Fcomments&post=71332"}],"version-history":[{"count":1,"href":"https:\/\/encuentroinformativo.com.mx\/index.php?rest_route=\/wp\/v2\/posts\/71332\/revisions"}],"predecessor-version":[{"id":71334,"href":"https:\/\/encuentroinformativo.com.mx\/index.php?rest_route=\/wp\/v2\/posts\/71332\/revisions\/71334"}],"wp:featuredmedia":[{"embeddable":true,"href":"https:\/\/encuentroinformativo.com.mx\/index.php?rest_route=\/wp\/v2\/media\/71333"}],"wp:attachment":[{"href":"https:\/\/encuentroinformativo.com.mx\/index.php?rest_route=%2Fwp%2Fv2%2Fmedia&parent=71332"}],"wp:term":[{"taxonomy":"category","embeddable":true,"href":"https:\/\/encuentroinformativo.com.mx\/index.php?rest_route=%2Fwp%2Fv2%2Fcategories&post=71332"},{"taxonomy":"post_tag","embeddable":true,"href":"https:\/\/encuentroinformativo.com.mx\/index.php?rest_route=%2Fwp%2Fv2%2Ftags&post=71332"}],"curies":[{"name":"wp","href":"https:\/\/api.w.org\/{rel}","templated":true}]}}