{"id":71335,"date":"2025-09-27T15:10:43","date_gmt":"2025-09-27T21:10:43","guid":{"rendered":"https:\/\/encuentroinformativo.com.mx\/?p=71335"},"modified":"2025-09-27T15:10:43","modified_gmt":"2025-09-27T21:10:43","slug":"con-carrera-buscan-promover-turismo-en-xalapa","status":"publish","type":"post","link":"https:\/\/encuentroinformativo.com.mx\/?p=71335","title":{"rendered":"Con carrera buscan promover turismo en Xalapa"},"content":{"rendered":"<p><strong>Dar\u00edo Pale<\/strong><\/p>\n<p>Xalapa, Ver.- Este s\u00e1bado, la ciudad de Xalapa celebrar\u00e1 el D\u00eda Mundial del Turismo con la cuarta edici\u00f3n de la Carrera de Color, un evento recreativo y de convivencia familiar que se ha consolidado como un fen\u00f3meno esperado cada a\u00f1o en la ciudad.<\/p>\n<p>El director de Turismo municipal, Josu\u00e9 V\u00e1zquez Gonz\u00e1lez, destac\u00f3 que esta iniciativa busca generar conciencia sobre la importancia del turismo como motor de desarrollo econ\u00f3mico, cultural y social, posicionando a la capital veracruzana como un destino vibrante y con identidad propia.<\/p>\n<p>La carrera es totalmente gratuita y se espera la asistencia de hasta 2,000 personas, el recorrido de tres kil\u00f3metros iniciar\u00e1 en los bajos del Palacio Municipal y continuar\u00e1 por la avenida \u00c1vila Camacho, el viaducto, Zaragoza y Primo Verdad, para concluir en el Parque Ju\u00e1rez, punto central de la celebraci\u00f3n.<\/p>\n<p>Se entregar\u00e1n 400 playeras conmemorativas especiales y 400 medallas para los primeros corredores en cruzar la meta.<\/p>\n<p>Los asistentes podr\u00e1n disfrutar de m\u00fasica en vivo, rifas y puestos de hidrataci\u00f3n proporcionados por patrocinadores locales, el lanzamiento de polvos de ne\u00f3n crear\u00e1 un ambiente de fiesta y fantas\u00eda durante la carrera.<\/p>\n<p>El director de Turismo municipal destac\u00f3 que el objetivo es posicionar a Xalapa como un destino tur\u00edstico vibrante y con identidad propia y que se espera que el evento contin\u00fae en los pr\u00f3ximos a\u00f1os y se consolide como una tradici\u00f3n en la ciudad.<\/p>\n<p>Finalmente dijo que, \u201cse trata de una experiencia extraordinaria, un momento fraterno donde el turismo es el protagonista. Hoy cerramos un ciclo de cuatro ediciones que marcaron esta administraci\u00f3n, con la intenci\u00f3n de que este proyecto contin\u00fae en los pr\u00f3ximos a\u00f1os\u201d.<\/p>\n","protected":false},"excerpt":{"rendered":"<p>Dar\u00edo Pale Xalapa, Ver.- Este s\u00e1bado, la ciudad de Xalapa celebrar\u00e1 el D\u00eda Mundial del Turismo con la cuarta edici\u00f3n de la Carrera de Color, un evento recreativo y de convivencia familiar que se ha consolidado como un fen\u00f3meno esperado cada a\u00f1o en la ciudad. El director de Turismo municipal, Josu\u00e9 V\u00e1zquez Gonz\u00e1lez, destac\u00f3 que [&hellip;]<\/p>\n","protected":false},"author":2476,"featured_media":71336,"comment_status":"open","ping_status":"open","sticky":false,"template":"","format":"standard","meta":{"_jetpack_memberships_contains_paid_content":false,"footnotes":""},"categories":[3],"tags":[],"class_list":["post-71335","post","type-post","status-publish","format-standard","has-post-thumbnail","hentry","category-xalapa"],"jetpack_featured_media_url":"https:\/\/encuentroinformativo.com.mx\/wp-content\/uploads\/2025\/09\/IMG-20250927-WA01512.jpg","jetpack_sharing_enabled":true,"jetpack_likes_enabled":true,"amp_enabled":true,"_links":{"self":[{"href":"https:\/\/encuentroinformativo.com.mx\/index.php?rest_route=\/wp\/v2\/posts\/71335","targetHints":{"allow":["GET"]}}],"collection":[{"href":"https:\/\/encuentroinformativo.com.mx\/index.php?rest_route=\/wp\/v2\/posts"}],"about":[{"href":"https:\/\/encuentroinformativo.com.mx\/index.php?rest_route=\/wp\/v2\/types\/post"}],"author":[{"embeddable":true,"href":"https:\/\/encuentroinformativo.com.mx\/index.php?rest_route=\/wp\/v2\/users\/2476"}],"replies":[{"embeddable":true,"href":"https:\/\/encuentroinformativo.com.mx\/index.php?rest_route=%2Fwp%2Fv2%2Fcomments&post=71335"}],"version-history":[{"count":1,"href":"https:\/\/encuentroinformativo.com.mx\/index.php?rest_route=\/wp\/v2\/posts\/71335\/revisions"}],"predecessor-version":[{"id":71337,"href":"https:\/\/encuentroinformativo.com.mx\/index.php?rest_route=\/wp\/v2\/posts\/71335\/revisions\/71337"}],"wp:featuredmedia":[{"embeddable":true,"href":"https:\/\/encuentroinformativo.com.mx\/index.php?rest_route=\/wp\/v2\/media\/71336"}],"wp:attachment":[{"href":"https:\/\/encuentroinformativo.com.mx\/index.php?rest_route=%2Fwp%2Fv2%2Fmedia&parent=71335"}],"wp:term":[{"taxonomy":"category","embeddable":true,"href":"https:\/\/encuentroinformativo.com.mx\/index.php?rest_route=%2Fwp%2Fv2%2Fcategories&post=71335"},{"taxonomy":"post_tag","embeddable":true,"href":"https:\/\/encuentroinformativo.com.mx\/index.php?rest_route=%2Fwp%2Fv2%2Ftags&post=71335"}],"curies":[{"name":"wp","href":"https:\/\/api.w.org\/{rel}","templated":true}]}}