{"id":71338,"date":"2025-09-27T18:18:00","date_gmt":"2025-09-28T00:18:00","guid":{"rendered":"https:\/\/encuentroinformativo.com.mx\/?p=71338"},"modified":"2025-09-27T18:18:00","modified_gmt":"2025-09-28T00:18:00","slug":"listo-coatepec-para-el-jarochodromo-2025","status":"publish","type":"post","link":"https:\/\/encuentroinformativo.com.mx\/?p=71338","title":{"rendered":"Listo Coatepec para el Jaroch\u00f3dromo 2025"},"content":{"rendered":"<p><strong>Dar\u00edo Pale<\/strong><\/p>\n<p>Xalapa, Ver.- Con la participaci\u00f3n confirmada de mil 320 bailarines, 62 grupos de danza y 80 m\u00fasicos, Coatepec se prepara para vivir una de las celebraciones m\u00e1s esperadas del a\u00f1o: la S\u00e9ptima Edici\u00f3n del Jaroch\u00f3dromo 2025, evento que se realiza en el marco del tradicional Festival de San Jer\u00f3nimo.<\/p>\n<p>El Comit\u00e9 Organizador inform\u00f3 que se cerr\u00f3 oficialmente la convocatoria para los participantes, logrando cumplir con las expectativas de asistencia previstas para esta edici\u00f3n.<\/p>\n<p>El Jaroch\u00f3dromo 2025 se celebrar\u00e1 este domingo a las 10:00 horas, y tendr\u00e1 como escenario principal las calles del Centro Hist\u00f3rico de Coatepec, por donde desfilar\u00e1n cientos de jaraneros, bailarines y m\u00fasicos en una muestra viva del folclor veracruzano.<\/p>\n<p>\u201cCon gran alegr\u00eda, anunciamos que estamos listos para recibirlos en esta gran fiesta jarocha, decirles que los esperamos\u201d, expresaron los organizadores, quienes invitaron a la ciudadan\u00eda y visitantes a disfrutar de esta expresi\u00f3n cultural que se ha consolidado como una de las m\u00e1s importantes en el estado.<\/p>\n<p>Finalmente dijeron que el Jaroch\u00f3dromo se ha convertido en una plataforma para la difusi\u00f3n de la danza tradicional veracruzana, fortaleciendo la identidad cultural de la regi\u00f3n y fomentando el turismo local.<\/p>\n","protected":false},"excerpt":{"rendered":"<p>Dar\u00edo Pale Xalapa, Ver.- Con la participaci\u00f3n confirmada de mil 320 bailarines, 62 grupos de danza y 80 m\u00fasicos, Coatepec se prepara para vivir una de las celebraciones m\u00e1s esperadas del a\u00f1o: la S\u00e9ptima Edici\u00f3n del Jaroch\u00f3dromo 2025, evento que se realiza en el marco del tradicional Festival de San Jer\u00f3nimo. El Comit\u00e9 Organizador inform\u00f3 [&hellip;]<\/p>\n","protected":false},"author":2476,"featured_media":71339,"comment_status":"open","ping_status":"open","sticky":false,"template":"","format":"standard","meta":{"_jetpack_memberships_contains_paid_content":false,"footnotes":""},"categories":[8],"tags":[],"class_list":["post-71338","post","type-post","status-publish","format-standard","has-post-thumbnail","hentry","category-region"],"jetpack_featured_media_url":"https:\/\/encuentroinformativo.com.mx\/wp-content\/uploads\/2025\/09\/IMG-20250927-WA01672.jpg","jetpack_sharing_enabled":true,"jetpack_likes_enabled":true,"amp_enabled":true,"_links":{"self":[{"href":"https:\/\/encuentroinformativo.com.mx\/index.php?rest_route=\/wp\/v2\/posts\/71338","targetHints":{"allow":["GET"]}}],"collection":[{"href":"https:\/\/encuentroinformativo.com.mx\/index.php?rest_route=\/wp\/v2\/posts"}],"about":[{"href":"https:\/\/encuentroinformativo.com.mx\/index.php?rest_route=\/wp\/v2\/types\/post"}],"author":[{"embeddable":true,"href":"https:\/\/encuentroinformativo.com.mx\/index.php?rest_route=\/wp\/v2\/users\/2476"}],"replies":[{"embeddable":true,"href":"https:\/\/encuentroinformativo.com.mx\/index.php?rest_route=%2Fwp%2Fv2%2Fcomments&post=71338"}],"version-history":[{"count":1,"href":"https:\/\/encuentroinformativo.com.mx\/index.php?rest_route=\/wp\/v2\/posts\/71338\/revisions"}],"predecessor-version":[{"id":71340,"href":"https:\/\/encuentroinformativo.com.mx\/index.php?rest_route=\/wp\/v2\/posts\/71338\/revisions\/71340"}],"wp:featuredmedia":[{"embeddable":true,"href":"https:\/\/encuentroinformativo.com.mx\/index.php?rest_route=\/wp\/v2\/media\/71339"}],"wp:attachment":[{"href":"https:\/\/encuentroinformativo.com.mx\/index.php?rest_route=%2Fwp%2Fv2%2Fmedia&parent=71338"}],"wp:term":[{"taxonomy":"category","embeddable":true,"href":"https:\/\/encuentroinformativo.com.mx\/index.php?rest_route=%2Fwp%2Fv2%2Fcategories&post=71338"},{"taxonomy":"post_tag","embeddable":true,"href":"https:\/\/encuentroinformativo.com.mx\/index.php?rest_route=%2Fwp%2Fv2%2Ftags&post=71338"}],"curies":[{"name":"wp","href":"https:\/\/api.w.org\/{rel}","templated":true}]}}