{"id":71341,"date":"2025-09-27T18:33:39","date_gmt":"2025-09-28T00:33:39","guid":{"rendered":"https:\/\/encuentroinformativo.com.mx\/?p=71341"},"modified":"2025-09-27T18:33:39","modified_gmt":"2025-09-28T00:33:39","slug":"respalda-cultura-de-paz-entrega-de-becas-para-familiares-de-personas-desaparecidas","status":"publish","type":"post","link":"https:\/\/encuentroinformativo.com.mx\/?p=71341","title":{"rendered":"Respalda Cultura de Paz entrega de becas para familiares de personas desaparecidas"},"content":{"rendered":"<p><strong>Dar\u00edo Pale<\/strong><\/p>\n<p>Xalapa, Ver.- La Secretar\u00eda de Gobierno del Estado, a trav\u00e9s de la Direcci\u00f3n de Cultura de Paz y Derechos Humanos, anunci\u00f3 que este a\u00f1o se entregar\u00e1n aproximadamente mil becas a estudiantes que son hijos de personas desaparecidas o v\u00edctimas de feminicidio.<\/p>\n<p>El director de esta dependencia, Alejandro Moreno Hern\u00e1ndez, inform\u00f3 que recientemente concluy\u00f3 el primer ciclo de entrega de becas, con un total de 928 apoyos otorgados.<\/p>\n<p>El objetivo de las becas es apoyar a los estudiantes que han sido afectados por la desaparici\u00f3n o feminicidio de sus padres, por lo que la Direcci\u00f3n de Cultura de Paz busca atender las necesidades de estos j\u00f3venes y brindarles oportunidades para continuar con sus estudios.<\/p>\n<p>La Direcci\u00f3n de Cultura de Paz trabaja con un enfoque en derechos humanos, buscando proteger y promover los derechos de las personas afectadas por la violencia y la desaparici\u00f3n.<\/p>\n<p>Finalmente el director de la dependencia destac\u00f3 que se da seguimiento a los casos que requieren atenci\u00f3n, siempre con un enfoque en derechos humanos.<\/p>\n","protected":false},"excerpt":{"rendered":"<p>Dar\u00edo Pale Xalapa, Ver.- La Secretar\u00eda de Gobierno del Estado, a trav\u00e9s de la Direcci\u00f3n de Cultura de Paz y Derechos Humanos, anunci\u00f3 que este a\u00f1o se entregar\u00e1n aproximadamente mil becas a estudiantes que son hijos de personas desaparecidas o v\u00edctimas de feminicidio. El director de esta dependencia, Alejandro Moreno Hern\u00e1ndez, inform\u00f3 que recientemente concluy\u00f3 [&hellip;]<\/p>\n","protected":false},"author":2476,"featured_media":71342,"comment_status":"open","ping_status":"open","sticky":false,"template":"","format":"standard","meta":{"_jetpack_memberships_contains_paid_content":false,"footnotes":""},"categories":[2],"tags":[],"class_list":["post-71341","post","type-post","status-publish","format-standard","has-post-thumbnail","hentry","category-estado"],"jetpack_featured_media_url":"https:\/\/encuentroinformativo.com.mx\/wp-content\/uploads\/2025\/09\/IMG-20250927-WA01692.jpg","jetpack_sharing_enabled":true,"jetpack_likes_enabled":true,"amp_enabled":true,"_links":{"self":[{"href":"https:\/\/encuentroinformativo.com.mx\/index.php?rest_route=\/wp\/v2\/posts\/71341","targetHints":{"allow":["GET"]}}],"collection":[{"href":"https:\/\/encuentroinformativo.com.mx\/index.php?rest_route=\/wp\/v2\/posts"}],"about":[{"href":"https:\/\/encuentroinformativo.com.mx\/index.php?rest_route=\/wp\/v2\/types\/post"}],"author":[{"embeddable":true,"href":"https:\/\/encuentroinformativo.com.mx\/index.php?rest_route=\/wp\/v2\/users\/2476"}],"replies":[{"embeddable":true,"href":"https:\/\/encuentroinformativo.com.mx\/index.php?rest_route=%2Fwp%2Fv2%2Fcomments&post=71341"}],"version-history":[{"count":1,"href":"https:\/\/encuentroinformativo.com.mx\/index.php?rest_route=\/wp\/v2\/posts\/71341\/revisions"}],"predecessor-version":[{"id":71343,"href":"https:\/\/encuentroinformativo.com.mx\/index.php?rest_route=\/wp\/v2\/posts\/71341\/revisions\/71343"}],"wp:featuredmedia":[{"embeddable":true,"href":"https:\/\/encuentroinformativo.com.mx\/index.php?rest_route=\/wp\/v2\/media\/71342"}],"wp:attachment":[{"href":"https:\/\/encuentroinformativo.com.mx\/index.php?rest_route=%2Fwp%2Fv2%2Fmedia&parent=71341"}],"wp:term":[{"taxonomy":"category","embeddable":true,"href":"https:\/\/encuentroinformativo.com.mx\/index.php?rest_route=%2Fwp%2Fv2%2Fcategories&post=71341"},{"taxonomy":"post_tag","embeddable":true,"href":"https:\/\/encuentroinformativo.com.mx\/index.php?rest_route=%2Fwp%2Fv2%2Ftags&post=71341"}],"curies":[{"name":"wp","href":"https:\/\/api.w.org\/{rel}","templated":true}]}}