{"id":71354,"date":"2025-09-28T14:27:10","date_gmt":"2025-09-28T20:27:10","guid":{"rendered":"https:\/\/encuentroinformativo.com.mx\/?p=71354"},"modified":"2025-09-28T14:27:10","modified_gmt":"2025-09-28T20:27:10","slug":"los-50-hombres-mas-guapos-de-mexico-estaran-en-veracruz","status":"publish","type":"post","link":"https:\/\/encuentroinformativo.com.mx\/?p=71354","title":{"rendered":"Los 50 hombres m\u00e1s guapos de M\u00e9xico estar\u00e1n en Veracruz"},"content":{"rendered":"<p><strong>Alejandro \u00c1vila<\/strong><\/p>\n<p>Veracruz, Ver.- Del 30 de septiembre al 3 de octubre Veracruz recibir\u00e1 a los 50 hombres m\u00e1s guapos de M\u00e9xico ya que se realizar\u00e1 de manera simult\u00e1nea la final nacional de los cert\u00e1menes <em>Mr Teen M\u00e9xico<\/em> 2025 y <em>Man Of The World M\u00e9xico<\/em> 2025.<\/p>\n<p>Sergio Brizuela, director de Mr Teen M\u00e9xico y Man Of The World M\u00e9xico ha confirmado la realizaci\u00f3n simult\u00e1nea de estos dos cert\u00e1menes de belleza aqu\u00ed en la zona conurbada Veracruz\/Boca del R\u00edo con diversas actividades que culminar\u00e1n el 3 de octubre con la Gala Final nacional en el Teatro Francisco Javier Clavijero.<\/p>\n<p>Son 29 participantes por Mr Teen M\u00e9xico y 24 concursantes por Man Of The World M\u00e9xico los que permanecer\u00e1n en tierras veracruzanas del martes 30 de septiembre al viernes 3 de octubre.<\/p>\n<p>Los representantes de Veracruz son: Erick Cervantes por Mr. Teen Veracruz 2025 y Omar Becerra por Man Of The World Veracruz 2025, quienes ser\u00e1n los anfitriones de dichos cert\u00e1menes y recibir\u00e1n con benepl\u00e1cito a sus compa\u00f1eros para mostrarles las riquezas de nuestro estado.<\/p>\n<p>Entre las actividades que se realizar\u00e1n del 30 de septiembre al 3 de octubre:<br \/>\n*Mi\u00e9rcoles 1 de octubre:* Reto Deportivo en Playa Mart\u00ed de 17:00 a 19:00 horas.<br \/>\n*Jueves 2 de octubre:* Semifinal en \u201cDespecho\u201d, en el Plaza El Dorado a las 20:00 horas.<br \/>\n*Viernes 3 de octubre:* Gala Final en el Teatro Francisco Javier Clavijero a las 19:00 horas.<\/p>\n<p>Cabe destacar que el ganador de Mr. Teen M\u00e9xico representar\u00e1 a nuestro pa\u00eds en el certamen M\u00edster Turismo International que se efectuar\u00e1 en Tailandia y el ganador de Man Of The World M\u00e9xico en el certamen internacional que ser\u00e1 en Filipinas en 2026.<\/p>\n<p>En la Gala Final se contar\u00e1 con la presencia, como invitados especiales de Fernanda Pumar, Miss Universe M\u00e9xico 2025; Israel Sierra, Mr. Teen M\u00e9xico 2024; Roderick Cruz, Manhunt Panam\u00e1 2025 y \u00c1ngel Grijalva, M\u00edster Model Sonora 2025.<\/p>\n","protected":false},"excerpt":{"rendered":"<p>Alejandro \u00c1vila Veracruz, Ver.- Del 30 de septiembre al 3 de octubre Veracruz recibir\u00e1 a los 50 hombres m\u00e1s guapos de M\u00e9xico ya que se realizar\u00e1 de manera simult\u00e1nea la final nacional de los cert\u00e1menes Mr Teen M\u00e9xico 2025 y Man Of The World M\u00e9xico 2025. Sergio Brizuela, director de Mr Teen M\u00e9xico y Man [&hellip;]<\/p>\n","protected":false},"author":2476,"featured_media":71355,"comment_status":"open","ping_status":"open","sticky":false,"template":"","format":"standard","meta":{"_jetpack_memberships_contains_paid_content":false,"footnotes":""},"categories":[2],"tags":[],"class_list":["post-71354","post","type-post","status-publish","format-standard","has-post-thumbnail","hentry","category-estado"],"jetpack_featured_media_url":"https:\/\/encuentroinformativo.com.mx\/wp-content\/uploads\/2025\/09\/IMG-20250928-WA0093.jpg","jetpack_sharing_enabled":true,"jetpack_likes_enabled":true,"amp_enabled":true,"_links":{"self":[{"href":"https:\/\/encuentroinformativo.com.mx\/index.php?rest_route=\/wp\/v2\/posts\/71354","targetHints":{"allow":["GET"]}}],"collection":[{"href":"https:\/\/encuentroinformativo.com.mx\/index.php?rest_route=\/wp\/v2\/posts"}],"about":[{"href":"https:\/\/encuentroinformativo.com.mx\/index.php?rest_route=\/wp\/v2\/types\/post"}],"author":[{"embeddable":true,"href":"https:\/\/encuentroinformativo.com.mx\/index.php?rest_route=\/wp\/v2\/users\/2476"}],"replies":[{"embeddable":true,"href":"https:\/\/encuentroinformativo.com.mx\/index.php?rest_route=%2Fwp%2Fv2%2Fcomments&post=71354"}],"version-history":[{"count":2,"href":"https:\/\/encuentroinformativo.com.mx\/index.php?rest_route=\/wp\/v2\/posts\/71354\/revisions"}],"predecessor-version":[{"id":71357,"href":"https:\/\/encuentroinformativo.com.mx\/index.php?rest_route=\/wp\/v2\/posts\/71354\/revisions\/71357"}],"wp:featuredmedia":[{"embeddable":true,"href":"https:\/\/encuentroinformativo.com.mx\/index.php?rest_route=\/wp\/v2\/media\/71355"}],"wp:attachment":[{"href":"https:\/\/encuentroinformativo.com.mx\/index.php?rest_route=%2Fwp%2Fv2%2Fmedia&parent=71354"}],"wp:term":[{"taxonomy":"category","embeddable":true,"href":"https:\/\/encuentroinformativo.com.mx\/index.php?rest_route=%2Fwp%2Fv2%2Fcategories&post=71354"},{"taxonomy":"post_tag","embeddable":true,"href":"https:\/\/encuentroinformativo.com.mx\/index.php?rest_route=%2Fwp%2Fv2%2Ftags&post=71354"}],"curies":[{"name":"wp","href":"https:\/\/api.w.org\/{rel}","templated":true}]}}