{"id":71361,"date":"2025-09-28T14:37:13","date_gmt":"2025-09-28T20:37:13","guid":{"rendered":"https:\/\/encuentroinformativo.com.mx\/?p=71361"},"modified":"2025-09-28T14:37:13","modified_gmt":"2025-09-28T20:37:13","slug":"fallece-joven-en-accidente-automovilistico-en-lerdo-de-tejada","status":"publish","type":"post","link":"https:\/\/encuentroinformativo.com.mx\/?p=71361","title":{"rendered":"Fallece joven en accidente automovil\u00edstico en Lerdo de Tejada"},"content":{"rendered":"<p><strong>Alejandro \u00c1vila<\/strong><\/p>\n<p>Alvarado, Ver.- Una joven originaria del municipio de Lerdo de Tejada falleci\u00f3 la ma\u00f1ana de este domingo 28 de septiembre tras un accidente automovil\u00edstico sobre la carretera federal 180.<\/p>\n<p>Los hechos ocurrieron alrededor de las 9 de la ma\u00f1ana, cuando la joven volc\u00f3 su unidad en la carretera federal 180 tramo Alvarado &#8211; Lerdo de Tejada a la altura de la localidad Nuevo Progreso.<\/p>\n<p>El veh\u00edculo siniestrado es un autom\u00f3vil marca Chevrolet color rojo con placas XZY-859-A; d\u00f3nde se pudo conocer que la v\u00edctima respond\u00eda el nombre de Luiza Zarate.<\/p>\n<p>Como primer respondiente acudi\u00f3 la Polic\u00eda Municipal de Lerdo de Tejada y posteriormente elementos de la Guardia Nacional divisi\u00f3n Caminos.<\/p>\n","protected":false},"excerpt":{"rendered":"<p>Alejandro \u00c1vila Alvarado, Ver.- Una joven originaria del municipio de Lerdo de Tejada falleci\u00f3 la ma\u00f1ana de este domingo 28 de septiembre tras un accidente automovil\u00edstico sobre la carretera federal 180. Los hechos ocurrieron alrededor de las 9 de la ma\u00f1ana, cuando la joven volc\u00f3 su unidad en la carretera federal 180 tramo Alvarado &#8211; [&hellip;]<\/p>\n","protected":false},"author":2476,"featured_media":71362,"comment_status":"open","ping_status":"open","sticky":false,"template":"","format":"standard","meta":{"_jetpack_memberships_contains_paid_content":false,"footnotes":""},"categories":[2],"tags":[],"class_list":["post-71361","post","type-post","status-publish","format-standard","has-post-thumbnail","hentry","category-estado"],"jetpack_featured_media_url":"https:\/\/encuentroinformativo.com.mx\/wp-content\/uploads\/2025\/09\/IMG-20250928-WA0090.jpg","jetpack_sharing_enabled":true,"jetpack_likes_enabled":true,"amp_enabled":true,"_links":{"self":[{"href":"https:\/\/encuentroinformativo.com.mx\/index.php?rest_route=\/wp\/v2\/posts\/71361","targetHints":{"allow":["GET"]}}],"collection":[{"href":"https:\/\/encuentroinformativo.com.mx\/index.php?rest_route=\/wp\/v2\/posts"}],"about":[{"href":"https:\/\/encuentroinformativo.com.mx\/index.php?rest_route=\/wp\/v2\/types\/post"}],"author":[{"embeddable":true,"href":"https:\/\/encuentroinformativo.com.mx\/index.php?rest_route=\/wp\/v2\/users\/2476"}],"replies":[{"embeddable":true,"href":"https:\/\/encuentroinformativo.com.mx\/index.php?rest_route=%2Fwp%2Fv2%2Fcomments&post=71361"}],"version-history":[{"count":2,"href":"https:\/\/encuentroinformativo.com.mx\/index.php?rest_route=\/wp\/v2\/posts\/71361\/revisions"}],"predecessor-version":[{"id":71364,"href":"https:\/\/encuentroinformativo.com.mx\/index.php?rest_route=\/wp\/v2\/posts\/71361\/revisions\/71364"}],"wp:featuredmedia":[{"embeddable":true,"href":"https:\/\/encuentroinformativo.com.mx\/index.php?rest_route=\/wp\/v2\/media\/71362"}],"wp:attachment":[{"href":"https:\/\/encuentroinformativo.com.mx\/index.php?rest_route=%2Fwp%2Fv2%2Fmedia&parent=71361"}],"wp:term":[{"taxonomy":"category","embeddable":true,"href":"https:\/\/encuentroinformativo.com.mx\/index.php?rest_route=%2Fwp%2Fv2%2Fcategories&post=71361"},{"taxonomy":"post_tag","embeddable":true,"href":"https:\/\/encuentroinformativo.com.mx\/index.php?rest_route=%2Fwp%2Fv2%2Ftags&post=71361"}],"curies":[{"name":"wp","href":"https:\/\/api.w.org\/{rel}","templated":true}]}}