{"id":7137,"date":"2020-10-20T16:07:09","date_gmt":"2020-10-20T21:07:09","guid":{"rendered":"https:\/\/encuentroinformativo.com.mx\/?p=7137"},"modified":"2020-10-20T16:07:18","modified_gmt":"2020-10-20T21:07:18","slug":"tev-declara-inexistencia-en-actos-anticipados-del-diputado-local-amado-cruz","status":"publish","type":"post","link":"https:\/\/encuentroinformativo.com.mx\/?p=7137","title":{"rendered":"TEV declara inexistencia en actos anticipados del Diputado Local Amado Cruz"},"content":{"rendered":"\n<p>Xalapa, Ver.- En sesi\u00f3n virtual del Tribunal Electoral de Veracruz (TEV), se declar\u00f3 que no se actualizan las violaciones relativas a la supuesta promoci\u00f3n personalizada por parte del Diputado Local Amado Jes\u00fas Cruz Malpica, por ende, debe declararse la inexistencia de la violaci\u00f3n objeto de la denuncia.<\/p>\n\n\n\n<p>En sesi\u00f3n p\u00fablica no presencial, bajo el formato de videoconferencia, la Magistrada Presidenta y Magistrados, determinaron en el Procedimiento Especial Sancionador, TEV-PES-2\/2020 derivado de la queja presentada por el Partido Revolucionario Institucional en contra de Amado Jes\u00fas Cruz Malpica, en su calidad de diputado integrante de la LXV Legislatura del Congreso del Estado de Veracruz, por la supuesta promoci\u00f3n de su imagen.<\/p>\n\n\n\n<p>El Tribunal determin\u00f3 que no se actualiza el elemento personal, porque no se aprecia que el denunciado tenga el car\u00e1cter de aspirante, precandidato o candidato alg\u00fan cargo de elecci\u00f3n popular, ni sea dirigente de alg\u00fan partido pol\u00edtico, m\u00e1xime que actualmente no est\u00e1 en curso ning\u00fan proceso electoral para la renovaci\u00f3n de alg\u00fan cargo de elecci\u00f3n popular.<\/p>\n\n\n\n<p>Asimismo, no se actualiza el elemento subjetivo de llamar a votar a favor o en contra de una candidatura o partido, porque los mensajes certificados por la autoridad administrativa, tienen como finalidad una acci\u00f3n de prevenci\u00f3n ante la actual contingencia sanitaria.<\/p>\n\n\n\n<p>Por cuanto hace al elemento temporal, tampoco se actualiza, toda vez que la difusi\u00f3n de los mensajes no se enmarca dentro de alg\u00fan proceso electoral y por tales motivos, no se acreditan los actos anticipados de precampa\u00f1a o campa\u00f1a, por lo tanto, no se acredita alguna infracci\u00f3n cometida por el Diputado Local.<\/p>\n\n\n\n<p>Referente al tema sobre el inter\u00e9s superior de la ni\u00f1ez en materia electoral, debe mencionarse que la autoridad administrativa requiri\u00f3 al Diputado el permiso de sus padres para dicha publicaci\u00f3n, por lo que la imagen de la menor al ser tomada de una librer\u00eda de internet no se puede tener referencias sobre su nombre u origen, tampoco de sus progenitores, por lo que no existe la conducta denunciada.<\/p>\n\n\n\n<p><\/p>\n\n\n\n<p><\/p>\n\n\n\n<p><\/p>\n","protected":false},"excerpt":{"rendered":"<p>Xalapa, Ver.- En sesi\u00f3n virtual del Tribunal Electoral de Veracruz (TEV), se declar\u00f3 que no se actualizan las violaciones relativas a la supuesta promoci\u00f3n personalizada por parte del Diputado Local Amado Jes\u00fas Cruz Malpica, por ende, debe declararse la inexistencia de la violaci\u00f3n objeto de la denuncia. En sesi\u00f3n p\u00fablica no presencial, bajo el formato [&hellip;]<\/p>\n","protected":false},"author":1,"featured_media":7138,"comment_status":"open","ping_status":"open","sticky":false,"template":"","format":"standard","meta":{"_jetpack_memberships_contains_paid_content":false,"footnotes":""},"categories":[2],"tags":[],"class_list":["post-7137","post","type-post","status-publish","format-standard","has-post-thumbnail","hentry","category-estado"],"jetpack_featured_media_url":"https:\/\/encuentroinformativo.com.mx\/wp-content\/uploads\/2020\/10\/2EC56047-A2F1-41F8-83EF-1C2E0A1875B6.jpeg","jetpack_sharing_enabled":true,"jetpack_likes_enabled":true,"amp_enabled":true,"_links":{"self":[{"href":"https:\/\/encuentroinformativo.com.mx\/index.php?rest_route=\/wp\/v2\/posts\/7137","targetHints":{"allow":["GET"]}}],"collection":[{"href":"https:\/\/encuentroinformativo.com.mx\/index.php?rest_route=\/wp\/v2\/posts"}],"about":[{"href":"https:\/\/encuentroinformativo.com.mx\/index.php?rest_route=\/wp\/v2\/types\/post"}],"author":[{"embeddable":true,"href":"https:\/\/encuentroinformativo.com.mx\/index.php?rest_route=\/wp\/v2\/users\/1"}],"replies":[{"embeddable":true,"href":"https:\/\/encuentroinformativo.com.mx\/index.php?rest_route=%2Fwp%2Fv2%2Fcomments&post=7137"}],"version-history":[{"count":1,"href":"https:\/\/encuentroinformativo.com.mx\/index.php?rest_route=\/wp\/v2\/posts\/7137\/revisions"}],"predecessor-version":[{"id":7139,"href":"https:\/\/encuentroinformativo.com.mx\/index.php?rest_route=\/wp\/v2\/posts\/7137\/revisions\/7139"}],"wp:featuredmedia":[{"embeddable":true,"href":"https:\/\/encuentroinformativo.com.mx\/index.php?rest_route=\/wp\/v2\/media\/7138"}],"wp:attachment":[{"href":"https:\/\/encuentroinformativo.com.mx\/index.php?rest_route=%2Fwp%2Fv2%2Fmedia&parent=7137"}],"wp:term":[{"taxonomy":"category","embeddable":true,"href":"https:\/\/encuentroinformativo.com.mx\/index.php?rest_route=%2Fwp%2Fv2%2Fcategories&post=7137"},{"taxonomy":"post_tag","embeddable":true,"href":"https:\/\/encuentroinformativo.com.mx\/index.php?rest_route=%2Fwp%2Fv2%2Ftags&post=7137"}],"curies":[{"name":"wp","href":"https:\/\/api.w.org\/{rel}","templated":true}]}}