{"id":71370,"date":"2025-09-29T13:18:08","date_gmt":"2025-09-29T19:18:08","guid":{"rendered":"https:\/\/encuentroinformativo.com.mx\/?p=71370"},"modified":"2025-09-29T13:18:08","modified_gmt":"2025-09-29T19:18:08","slug":"foro-boca-sede-del-estreno-de-cocodrilos","status":"publish","type":"post","link":"https:\/\/encuentroinformativo.com.mx\/?p=71370","title":{"rendered":"Foro Boca sede del estreno de &#8220;Cocodrilos&#8221;"},"content":{"rendered":"<p><strong>*Pel\u00edcula sobre el riesgo period\u00edstico grabada en Veracruz.<\/strong><\/p>\n<p><strong>Alejandro \u00c1vila<\/strong><\/p>\n<p>Veracruz, Ver.- El pr\u00f3ximo mi\u00e9rcoles 1 de octubre en el Foro Boca ser\u00e1 el estreno de la pel\u00edcula &#8220;Cocodrilos&#8221; del director, Javier Velasco, filme que fue grabado en Veracruz y que muestra los riesgos de la labor period\u00edstica.<\/p>\n<p>Gustavo Vega, director de la Muestra de la Cineteca Veracruz, que este 2025 realiza su cuarta edici\u00f3n, dio a conocer la ciudadan\u00eda a\u00fan puede adquirir boletos para ver el filme que tiene como protagonistas a Hoze Mel\u00e9ndez, Mayra S\u00e9rbulo, Arcelia Ram\u00edrez, entre otros.<\/p>\n<p>&#8220;En la p\u00e1gina de Cineteca Veracruz, ah\u00ed est\u00e1 para adquirir sus entradas. Esta pel\u00edcula es importante para nosotros porque es el estreno de una pel\u00edcula relevante y filmada en el puerto de Veracruz, en locaciones del puerto con talento local y nacional. Estamos muy contentos de que contaremos con la presencia del director y parte del crew de producci\u00f3n&#8221;, expres\u00f3.<\/p>\n<p>La Cuarta Muestra de la Cineteca Veracruz se realizar\u00e1 del 1 al 4 de octubre y tendr\u00e1 como sedes alternas para exposici\u00f3n de cortometrajes, especial de animaci\u00f3n, largometraje mexicano e internacional, la Universidad Veracruzana Universidad Crist\u00f3bal Col\u00f3n y Universidad Gestalt; adem\u00e1s de que se presentar\u00e1 la novela &#8220;Cocodrilos&#8221; en la librer\u00eda Mar Adentro.<\/p>\n<p>&#8220;Es un programa muy amplio, nos gustar\u00eda resaltar algunas funciones especiales como la funci\u00f3n de playa en la playa Xcatl\u00e9n, que se estar\u00e1 llevando a cabo el viernes 3. Es una funci\u00f3n muy bonita al aire libre, un momento muy agradable de esparcimiento para ver una buena pel\u00edcula, y para el cierre el d\u00eda s\u00e1bado 4 cerraremos con una proyecci\u00f3n homenaje al actor Ernesto G\u00f3mez Cruz, presentaremos &#8220;Tespis Teporocho&#8221;, as\u00ed se llama el cortometraje y es la \u00faltima pel\u00edcula que film\u00f3 Ernesto G\u00f3mez Cruz&#8221;, culmin\u00f3.<\/p>\n<p>Para este evento estar\u00e1 presente el director, Alejandro Ram\u00edrez, y el productor y actor, Alberto Estrella.<\/p>\n","protected":false},"excerpt":{"rendered":"<p>*Pel\u00edcula sobre el riesgo period\u00edstico grabada en Veracruz. Alejandro \u00c1vila Veracruz, Ver.- El pr\u00f3ximo mi\u00e9rcoles 1 de octubre en el Foro Boca ser\u00e1 el estreno de la pel\u00edcula &#8220;Cocodrilos&#8221; del director, Javier Velasco, filme que fue grabado en Veracruz y que muestra los riesgos de la labor period\u00edstica. Gustavo Vega, director de la Muestra de [&hellip;]<\/p>\n","protected":false},"author":2476,"featured_media":71371,"comment_status":"open","ping_status":"open","sticky":false,"template":"","format":"standard","meta":{"_jetpack_memberships_contains_paid_content":false,"footnotes":""},"categories":[2],"tags":[],"class_list":["post-71370","post","type-post","status-publish","format-standard","has-post-thumbnail","hentry","category-estado"],"jetpack_featured_media_url":"https:\/\/encuentroinformativo.com.mx\/wp-content\/uploads\/2025\/09\/IMG-20250929-WA01862-scaled.jpg","jetpack_sharing_enabled":true,"jetpack_likes_enabled":true,"amp_enabled":true,"_links":{"self":[{"href":"https:\/\/encuentroinformativo.com.mx\/index.php?rest_route=\/wp\/v2\/posts\/71370","targetHints":{"allow":["GET"]}}],"collection":[{"href":"https:\/\/encuentroinformativo.com.mx\/index.php?rest_route=\/wp\/v2\/posts"}],"about":[{"href":"https:\/\/encuentroinformativo.com.mx\/index.php?rest_route=\/wp\/v2\/types\/post"}],"author":[{"embeddable":true,"href":"https:\/\/encuentroinformativo.com.mx\/index.php?rest_route=\/wp\/v2\/users\/2476"}],"replies":[{"embeddable":true,"href":"https:\/\/encuentroinformativo.com.mx\/index.php?rest_route=%2Fwp%2Fv2%2Fcomments&post=71370"}],"version-history":[{"count":2,"href":"https:\/\/encuentroinformativo.com.mx\/index.php?rest_route=\/wp\/v2\/posts\/71370\/revisions"}],"predecessor-version":[{"id":71373,"href":"https:\/\/encuentroinformativo.com.mx\/index.php?rest_route=\/wp\/v2\/posts\/71370\/revisions\/71373"}],"wp:featuredmedia":[{"embeddable":true,"href":"https:\/\/encuentroinformativo.com.mx\/index.php?rest_route=\/wp\/v2\/media\/71371"}],"wp:attachment":[{"href":"https:\/\/encuentroinformativo.com.mx\/index.php?rest_route=%2Fwp%2Fv2%2Fmedia&parent=71370"}],"wp:term":[{"taxonomy":"category","embeddable":true,"href":"https:\/\/encuentroinformativo.com.mx\/index.php?rest_route=%2Fwp%2Fv2%2Fcategories&post=71370"},{"taxonomy":"post_tag","embeddable":true,"href":"https:\/\/encuentroinformativo.com.mx\/index.php?rest_route=%2Fwp%2Fv2%2Ftags&post=71370"}],"curies":[{"name":"wp","href":"https:\/\/api.w.org\/{rel}","templated":true}]}}