{"id":71374,"date":"2025-09-29T14:24:53","date_gmt":"2025-09-29T20:24:53","guid":{"rendered":"https:\/\/encuentroinformativo.com.mx\/?p=71374"},"modified":"2025-09-29T14:24:53","modified_gmt":"2025-09-29T20:24:53","slug":"con-modulo-intentan-prevenir-suicidios-en-xallitic","status":"publish","type":"post","link":"https:\/\/encuentroinformativo.com.mx\/?p=71374","title":{"rendered":"Con m\u00f3dulo, intentan prevenir suicidios en Xallitic"},"content":{"rendered":"<p><strong>Dar\u00edo Pale<\/strong><\/p>\n<p>Xalapa, Ver.- El Ayuntamiento de Xalapa en colaboraci\u00f3n con diversas instituciones de salud mental y dependencias gubernamentales, ha establecido un m\u00f3dulo de atenci\u00f3n para brindar informaci\u00f3n y apoyo a personas que lo necesiten.<\/p>\n<p>El doctor Alejandro del \u00c1ngel Aguilar, director del DIF municipal dio a conocer que este m\u00f3dulo estar\u00e1 ubicado en un sitio significativo de la ciudad y funcionar\u00e1 de lunes a viernes en las ma\u00f1anas, con planes de extender sus horarios a s\u00e1bados y domingos.<\/p>\n<p>El m\u00f3dulo contar\u00e1 con personal de salud mental, incluyendo psic\u00f3logos y psic\u00f3logas, que brindar\u00e1n atenci\u00f3n y apoyo a las personas que lo necesiten, el objetivo es proporcionar una atenci\u00f3n inicial y, si es necesario, referir a las personas a servicios profesionales especializados.<\/p>\n<p>\u201cEstamos cumpliendo con una instrucci\u00f3n del presidente municipal de acercar esta informaci\u00f3n y esta atenci\u00f3n a todas las personas, lo estamos haciendo en el sitio que ha sido desafortunadamente un \u00edcono de la tragedia, pero esto honra tambi\u00e9n a los ni\u00f1os, a las ni\u00f1as que no tuvieron esta oportunidad y tambi\u00e9n honra el dolor de las familias, por eso se hace aqu\u00ed, pero estar\u00e1 itinerando, estar\u00e1 en varios puntos de la ciudad entregando esta informaci\u00f3n\u201d, se\u00f1al\u00f3.<\/p>\n<p>Diversas dependencias del ayuntamiento e instituciones de salud mental estar\u00e1n involucradas en la atenci\u00f3n y apoyo a las personas, incluyendo, Secretar\u00eda de Salud, Centro de Integraci\u00f3n Juvenil (CIJ), DIF municipal, Procuradur\u00eda Municipal de la Ciudad en la Defensa de Ni\u00f1as, Ni\u00f1os y Adolescentes, Instituto de la Mujer, otras instituciones con servicios de salud mental y psicolog\u00eda.<\/p>\n<p>\u201cTambi\u00e9n es importante decir que todas las dependencias del ayuntamiento y el centro de integraci\u00f3n juvenil, aqu\u00ed nos acompa\u00f1a el psic\u00f3logo Humberto Flores, Salud, DIF municipal, CIJ, Procuradur\u00eda Municipal de la Ciudad, en la defensa de ni\u00f1as, ni\u00f1os y adolescentes, Instituto de la Mujer, todas las dependencias que tengan servicio de salud mental de psicolog\u00eda, estamos en la apertura de recibir a las personas, aunque no vengan al m\u00f3dulo, puedan llegar directamente a las dependencias y poder ser atendidas y despu\u00e9s canalizadas al servicio de salud mental correspondiente\u201d, coment\u00f3.<\/p>\n<p>Las personas pueden acercarse al m\u00f3dulo de atenci\u00f3n o directamente a las dependencias participantes para recibir apoyo y atenci\u00f3n, los servicios ser\u00e1n brindados de manera gratuita y oportuna.<\/p>\n<p>Es fundamental que la ciudadan\u00eda conozca sobre la existencia de estos servicios y sepa c\u00f3mo acceder a ellos en caso de necesidad, la difusi\u00f3n de informaci\u00f3n sobre los servicios de salud mental y prevenci\u00f3n del suicidio es crucial para apoyar a las personas que lo necesitan.<\/p>\n<p>Finalmente se\u00f1alo que, \u201ctodas las instituciones federales, estatales, municipales, tienen una parte de su servicio destinado a la salud mental y a la prevenci\u00f3n del suicidio, a veces nos falta difundir que existen estos servicios y esta es, digamos, la funci\u00f3n m\u00e1s importante de este m\u00f3dulo, informarle a la ciudadan\u00eda que hay servicios de atenci\u00f3n preventivos, que hay servicios cercanos y adem\u00e1s explicarles las se\u00f1ales de alarma, las conductas que son de riesgo entre las personas, para que podamos convertirnos todos y todas en la primera l\u00ednea\u201d.<\/p>\n<p>&nbsp;<\/p>\n<p>&nbsp;<\/p>\n","protected":false},"excerpt":{"rendered":"<p>Dar\u00edo Pale Xalapa, Ver.- El Ayuntamiento de Xalapa en colaboraci\u00f3n con diversas instituciones de salud mental y dependencias gubernamentales, ha establecido un m\u00f3dulo de atenci\u00f3n para brindar informaci\u00f3n y apoyo a personas que lo necesiten. El doctor Alejandro del \u00c1ngel Aguilar, director del DIF municipal dio a conocer que este m\u00f3dulo estar\u00e1 ubicado en un [&hellip;]<\/p>\n","protected":false},"author":2476,"featured_media":71376,"comment_status":"open","ping_status":"open","sticky":false,"template":"","format":"standard","meta":{"_jetpack_memberships_contains_paid_content":false,"footnotes":""},"categories":[3],"tags":[],"class_list":["post-71374","post","type-post","status-publish","format-standard","has-post-thumbnail","hentry","category-xalapa"],"jetpack_featured_media_url":"https:\/\/encuentroinformativo.com.mx\/wp-content\/uploads\/2025\/09\/IMG-20250929-WA01932.jpg","jetpack_sharing_enabled":true,"jetpack_likes_enabled":true,"amp_enabled":true,"_links":{"self":[{"href":"https:\/\/encuentroinformativo.com.mx\/index.php?rest_route=\/wp\/v2\/posts\/71374","targetHints":{"allow":["GET"]}}],"collection":[{"href":"https:\/\/encuentroinformativo.com.mx\/index.php?rest_route=\/wp\/v2\/posts"}],"about":[{"href":"https:\/\/encuentroinformativo.com.mx\/index.php?rest_route=\/wp\/v2\/types\/post"}],"author":[{"embeddable":true,"href":"https:\/\/encuentroinformativo.com.mx\/index.php?rest_route=\/wp\/v2\/users\/2476"}],"replies":[{"embeddable":true,"href":"https:\/\/encuentroinformativo.com.mx\/index.php?rest_route=%2Fwp%2Fv2%2Fcomments&post=71374"}],"version-history":[{"count":1,"href":"https:\/\/encuentroinformativo.com.mx\/index.php?rest_route=\/wp\/v2\/posts\/71374\/revisions"}],"predecessor-version":[{"id":71377,"href":"https:\/\/encuentroinformativo.com.mx\/index.php?rest_route=\/wp\/v2\/posts\/71374\/revisions\/71377"}],"wp:featuredmedia":[{"embeddable":true,"href":"https:\/\/encuentroinformativo.com.mx\/index.php?rest_route=\/wp\/v2\/media\/71376"}],"wp:attachment":[{"href":"https:\/\/encuentroinformativo.com.mx\/index.php?rest_route=%2Fwp%2Fv2%2Fmedia&parent=71374"}],"wp:term":[{"taxonomy":"category","embeddable":true,"href":"https:\/\/encuentroinformativo.com.mx\/index.php?rest_route=%2Fwp%2Fv2%2Fcategories&post=71374"},{"taxonomy":"post_tag","embeddable":true,"href":"https:\/\/encuentroinformativo.com.mx\/index.php?rest_route=%2Fwp%2Fv2%2Ftags&post=71374"}],"curies":[{"name":"wp","href":"https:\/\/api.w.org\/{rel}","templated":true}]}}