{"id":71381,"date":"2025-09-29T14:38:04","date_gmt":"2025-09-29T20:38:04","guid":{"rendered":"https:\/\/encuentroinformativo.com.mx\/?p=71381"},"modified":"2025-09-29T14:38:04","modified_gmt":"2025-09-29T20:38:04","slug":"acusa-productor-de-cafe-que-relleno-sanitario-perjudica-sus-cultivos","status":"publish","type":"post","link":"https:\/\/encuentroinformativo.com.mx\/?p=71381","title":{"rendered":"Acusa productor de caf\u00e9 que relleno sanitario perjudica sus cultivos"},"content":{"rendered":"<p><strong>Dar\u00edo Pale<\/strong><\/p>\n<p>Xalapa, Ver.- Un productor de caf\u00e9 del ejido el Tronconal se manifest\u00f3 en la plaza para denunciar que los lixiviados del basurero est\u00e1n afectando su finca y su producci\u00f3n de caf\u00e9.<\/p>\n<p>El se\u00f1or F\u00e9lix Eloy Mej\u00eda D\u00edaz ha manifestado que los lixiviados est\u00e1n secando su finca y que ha perdido la oportunidad de vender su caf\u00e9 debido a la contaminaci\u00f3n.<\/p>\n<p>La finca del se\u00f1or ha sido afectada en aproximadamente 3 hect\u00e1reas, con una superficie total de 15 mil metros cuadrados, la producci\u00f3n de caf\u00e9 ha disminuido significativamente debido a la contaminaci\u00f3n y el secado de las plantas.<\/p>\n<p>El se\u00f1or Mej\u00eda D\u00edaz ha intentado buscar soluciones a trav\u00e9s de autoridades locales y ambientales, pero no ha recibido respuesta efectiva.<\/p>\n<p>El problema comenz\u00f3 en el 2017 o 2018, y desde entonces, el se\u00f1or Mej\u00eda D\u00edaz ha intentado encontrar una soluci\u00f3n sin \u00e9xito, ha tenido entrevistas con autoridades locales y ambientales, pero no ha recibido una respuesta concreta para resolver su situaci\u00f3n.<\/p>\n<p>La familia del se\u00f1or tambi\u00e9n ha sido afectada, con miembros que han enfermado debido a la contaminaci\u00f3n, la situaci\u00f3n ha generado un impacto significativo en la econom\u00eda familiar y en la calidad de vida de los afectados.<\/p>\n<p>Finalmente hizo un llamado a las autoridades para que atiendan su situaci\u00f3n y brinden una soluci\u00f3n efectiva para resolver el problema de la contaminaci\u00f3n y el secado de su finca.<\/p>\n","protected":false},"excerpt":{"rendered":"<p>Dar\u00edo Pale Xalapa, Ver.- Un productor de caf\u00e9 del ejido el Tronconal se manifest\u00f3 en la plaza para denunciar que los lixiviados del basurero est\u00e1n afectando su finca y su producci\u00f3n de caf\u00e9. El se\u00f1or F\u00e9lix Eloy Mej\u00eda D\u00edaz ha manifestado que los lixiviados est\u00e1n secando su finca y que ha perdido la oportunidad de [&hellip;]<\/p>\n","protected":false},"author":2476,"featured_media":71382,"comment_status":"open","ping_status":"open","sticky":false,"template":"","format":"standard","meta":{"_jetpack_memberships_contains_paid_content":false,"footnotes":""},"categories":[3],"tags":[],"class_list":["post-71381","post","type-post","status-publish","format-standard","has-post-thumbnail","hentry","category-xalapa"],"jetpack_featured_media_url":"https:\/\/encuentroinformativo.com.mx\/wp-content\/uploads\/2025\/09\/IMG-20250929-WA0224.jpg","jetpack_sharing_enabled":true,"jetpack_likes_enabled":true,"amp_enabled":true,"_links":{"self":[{"href":"https:\/\/encuentroinformativo.com.mx\/index.php?rest_route=\/wp\/v2\/posts\/71381","targetHints":{"allow":["GET"]}}],"collection":[{"href":"https:\/\/encuentroinformativo.com.mx\/index.php?rest_route=\/wp\/v2\/posts"}],"about":[{"href":"https:\/\/encuentroinformativo.com.mx\/index.php?rest_route=\/wp\/v2\/types\/post"}],"author":[{"embeddable":true,"href":"https:\/\/encuentroinformativo.com.mx\/index.php?rest_route=\/wp\/v2\/users\/2476"}],"replies":[{"embeddable":true,"href":"https:\/\/encuentroinformativo.com.mx\/index.php?rest_route=%2Fwp%2Fv2%2Fcomments&post=71381"}],"version-history":[{"count":1,"href":"https:\/\/encuentroinformativo.com.mx\/index.php?rest_route=\/wp\/v2\/posts\/71381\/revisions"}],"predecessor-version":[{"id":71383,"href":"https:\/\/encuentroinformativo.com.mx\/index.php?rest_route=\/wp\/v2\/posts\/71381\/revisions\/71383"}],"wp:featuredmedia":[{"embeddable":true,"href":"https:\/\/encuentroinformativo.com.mx\/index.php?rest_route=\/wp\/v2\/media\/71382"}],"wp:attachment":[{"href":"https:\/\/encuentroinformativo.com.mx\/index.php?rest_route=%2Fwp%2Fv2%2Fmedia&parent=71381"}],"wp:term":[{"taxonomy":"category","embeddable":true,"href":"https:\/\/encuentroinformativo.com.mx\/index.php?rest_route=%2Fwp%2Fv2%2Fcategories&post=71381"},{"taxonomy":"post_tag","embeddable":true,"href":"https:\/\/encuentroinformativo.com.mx\/index.php?rest_route=%2Fwp%2Fv2%2Ftags&post=71381"}],"curies":[{"name":"wp","href":"https:\/\/api.w.org\/{rel}","templated":true}]}}