{"id":71384,"date":"2025-09-29T14:49:57","date_gmt":"2025-09-29T20:49:57","guid":{"rendered":"https:\/\/encuentroinformativo.com.mx\/?p=71384"},"modified":"2025-09-29T14:49:57","modified_gmt":"2025-09-29T20:49:57","slug":"alumno-armado-genero-alarma-en-secundaria-tecnica-de-veracruz-puerto","status":"publish","type":"post","link":"https:\/\/encuentroinformativo.com.mx\/?p=71384","title":{"rendered":"Alumno armado gener\u00f3 alarma en Secundaria T\u00e9cnica de Veracruz puerto\u00a0"},"content":{"rendered":"<p><strong>Alejandro \u00c1vila<\/strong><\/p>\n<p>Veracruz, Ver.- Una amenaza de balacera en una escuela secundaria de la ciudad y puerto de Veracruz gener\u00f3 p\u00e1nico entre alumnos y padres de familia la ma\u00f1ana de este lunes 29 de septiembre.<\/p>\n<p>Fue en la escuela Secundaria T\u00e9cnica Industrial 148, en el Fraccionamiento GeoVillas del Puerto, donde padres de familia exigieron que se expulsara a un joven estudiante y que se implementara una revisi\u00f3n de las mochilas.<\/p>\n<p>De acuerdo con testimonios de los padres de familia, un alumno de tercer a\u00f1o de secundaria env\u00edo textos amenazantes a trav\u00e9s de una aplicaci\u00f3n de mensajer\u00eda, en el cual aseguraba que matar\u00eda a sus compa\u00f1eros.<\/p>\n<p>El mensaje que fue enviado durante semana pasada asegura que este lunes \u201cpasar\u00eda algo malo\u201d y que el alumno que profiri\u00f3 las amenazas \u201cir\u00eda contra todos\u201d, por lo que era mejor que no asistieran a la escuela.<\/p>\n<p>\u201cCircularon algunos mensajes en un grupo (de whatsapp) y los empez\u00f3 a amenazar conque iba a matar a todos los que le cayeran mal, que no vinieran hoy lunes a la , (\u2026) el ni\u00f1o mand\u00f3 una foto de la pistola\u201d, coment\u00f3 una de las madres de familia.<\/p>\n<p>Los padre de algunos alumnos acusaron que la directora del plantel intent\u00f3 mantener todo oculto y que pidi\u00f3 que las capturas de pantalla de los mensajes fueran borrados.<\/p>\n<p>Adem\u00e1s de que ante la solicitud por parte de los progenitores para hacer \u201coperativo mochila\u201d la docente asegur\u00f3 que no cuentan con la autorizaci\u00f3n para ello.<\/p>\n<p>De momento, se sabe que el alumno fue suspendido y ya no se encuentra en la escuela, sin embargo la incertidumbre continua entre la comunidad escolar.<\/p>\n<p>Algunos de los alumnos no asistieron por decisi\u00f3n de sus padres, mientras que muchos de los que s\u00ed acudieron a la escuela lo hicieron con temor.<\/p>\n<p>Algunos padres a\u00f1adieron que a\u00fan cuando se pudiera tratar de una broma, es una situaci\u00f3n que se debe tomar en serio debido a los hechos de violencia que han ocurrido en otras escuelas anteriormente.<\/p>\n<p>\u201cNosotros como padres s\u00ed nos preocupamos porque en otros lugares y en otras escuelas, ya ha habido este tipo de casos, de ni\u00f1os que hacen ciertas cosas malas en la escuela y termina muriendo mucha gente\u201d, expres\u00f3 otra de las madres de familia.<\/p>\n<p>A la escuela acudi\u00f3 una patrulla con elementos de la Secretar\u00eda de Seguridad P\u00fablica, quienes tomaron conocimiento de los hechos y se entrevistaron con la directora de la escuela.<\/p>\n","protected":false},"excerpt":{"rendered":"<p>Alejandro \u00c1vila Veracruz, Ver.- Una amenaza de balacera en una escuela secundaria de la ciudad y puerto de Veracruz gener\u00f3 p\u00e1nico entre alumnos y padres de familia la ma\u00f1ana de este lunes 29 de septiembre. Fue en la escuela Secundaria T\u00e9cnica Industrial 148, en el Fraccionamiento GeoVillas del Puerto, donde padres de familia exigieron que [&hellip;]<\/p>\n","protected":false},"author":2476,"featured_media":71385,"comment_status":"open","ping_status":"open","sticky":false,"template":"","format":"standard","meta":{"_jetpack_memberships_contains_paid_content":false,"footnotes":""},"categories":[2],"tags":[],"class_list":["post-71384","post","type-post","status-publish","format-standard","has-post-thumbnail","hentry","category-estado"],"jetpack_featured_media_url":"https:\/\/encuentroinformativo.com.mx\/wp-content\/uploads\/2025\/09\/IMG-20250929-WA0236.jpg","jetpack_sharing_enabled":true,"jetpack_likes_enabled":true,"amp_enabled":true,"_links":{"self":[{"href":"https:\/\/encuentroinformativo.com.mx\/index.php?rest_route=\/wp\/v2\/posts\/71384","targetHints":{"allow":["GET"]}}],"collection":[{"href":"https:\/\/encuentroinformativo.com.mx\/index.php?rest_route=\/wp\/v2\/posts"}],"about":[{"href":"https:\/\/encuentroinformativo.com.mx\/index.php?rest_route=\/wp\/v2\/types\/post"}],"author":[{"embeddable":true,"href":"https:\/\/encuentroinformativo.com.mx\/index.php?rest_route=\/wp\/v2\/users\/2476"}],"replies":[{"embeddable":true,"href":"https:\/\/encuentroinformativo.com.mx\/index.php?rest_route=%2Fwp%2Fv2%2Fcomments&post=71384"}],"version-history":[{"count":1,"href":"https:\/\/encuentroinformativo.com.mx\/index.php?rest_route=\/wp\/v2\/posts\/71384\/revisions"}],"predecessor-version":[{"id":71386,"href":"https:\/\/encuentroinformativo.com.mx\/index.php?rest_route=\/wp\/v2\/posts\/71384\/revisions\/71386"}],"wp:featuredmedia":[{"embeddable":true,"href":"https:\/\/encuentroinformativo.com.mx\/index.php?rest_route=\/wp\/v2\/media\/71385"}],"wp:attachment":[{"href":"https:\/\/encuentroinformativo.com.mx\/index.php?rest_route=%2Fwp%2Fv2%2Fmedia&parent=71384"}],"wp:term":[{"taxonomy":"category","embeddable":true,"href":"https:\/\/encuentroinformativo.com.mx\/index.php?rest_route=%2Fwp%2Fv2%2Fcategories&post=71384"},{"taxonomy":"post_tag","embeddable":true,"href":"https:\/\/encuentroinformativo.com.mx\/index.php?rest_route=%2Fwp%2Fv2%2Ftags&post=71384"}],"curies":[{"name":"wp","href":"https:\/\/api.w.org\/{rel}","templated":true}]}}