{"id":71387,"date":"2025-09-29T15:13:58","date_gmt":"2025-09-29T21:13:58","guid":{"rendered":"https:\/\/encuentroinformativo.com.mx\/?p=71387"},"modified":"2025-09-29T15:13:58","modified_gmt":"2025-09-29T21:13:58","slug":"con-alfombra-de-aserrin-celebran-fiestas-de-san-jeronimo","status":"publish","type":"post","link":"https:\/\/encuentroinformativo.com.mx\/?p=71387","title":{"rendered":"Con alfombra de aserr\u00edn celebran fiestas de San Jer\u00f3nimo"},"content":{"rendered":"<p><strong>Dar\u00edo Pale<\/strong><\/p>\n<p>Xalapa, Ver.- Desde las primeras horas de este lunes, Coatepec amaneci\u00f3 de fiesta, en punto de las 5:00 de la ma\u00f1ana, grupos parroquiales, familias y visitantes comenzaron la elaboraci\u00f3n de la tradicional alfombra de aserr\u00edn multicolor en honor a San Jer\u00f3nimo, patrono del municipio.<\/p>\n<p>En total son 12 grupos organizados quienes, con creatividad y fe, dan vida a los tapetes que adornan las principales calles del Pueblo M\u00e1gico, como la emblem\u00e1tica calle Arteaga.<\/p>\n<p>Este a\u00f1o, la alfombra fue inspirada en los temas de la Catequesis y la Evangelizaci\u00f3n, lo que se refleja en los detalles y s\u00edmbolos de su dise\u00f1o.<\/p>\n<p>Los organizadores estiman que la alfombra estar\u00e1 terminada al mediod\u00eda, lista para que locales y turistas puedan admirarla y formar parte en una de las tradiciones m\u00e1s representativas de Coatepec.<\/p>\n<p>\u201cSolo esperamos que la lluvia no nos juegue una mala pasada\u201d, comentaron entre risas algunos voluntarios que trabajan en equipo entre aserr\u00edn, flores y pigmentos.<\/p>\n<p>La fiesta patronal tambi\u00e9n incluye la bajada de los arcos ornamentales, que por la tarde llegar\u00e1n desde la colonia Los Carriles. Tras su bendici\u00f3n, ser\u00e1n colocados en la Parroquia principal, en la iglesia de Guadalupe y en diversas capillas. Como es costumbre, hombres de los grupos parroquiales ser\u00e1n convocados para escalar hasta lo alto de la Parroquia de San Jer\u00f3nimo y colocar el arco principal, un acto que simboliza esfuerzo, devoci\u00f3n y comunidad.<\/p>\n<p>Con estas expresiones de fe, arte y tradici\u00f3n, Coatepec reafirma su identidad cultural y ofrece a visitantes una experiencia \u00fanica que combina la espiritualidad con el colorido que distingue a este Pueblo M\u00e1gico.<\/p>\n<p><img loading=\"lazy\" decoding=\"async\" class=\"aligncenter size-medium wp-image-71389\" src=\"https:\/\/encuentroinformativo.com.mx\/wp-content\/uploads\/2025\/09\/IMG-20250929-WA0247-138x300.jpg\" alt=\"\" width=\"138\" height=\"300\" srcset=\"https:\/\/encuentroinformativo.com.mx\/wp-content\/uploads\/2025\/09\/IMG-20250929-WA0247-138x300.jpg 138w, https:\/\/encuentroinformativo.com.mx\/wp-content\/uploads\/2025\/09\/IMG-20250929-WA0247-472x1024.jpg 472w, https:\/\/encuentroinformativo.com.mx\/wp-content\/uploads\/2025\/09\/IMG-20250929-WA0247-708x1536.jpg 708w, https:\/\/encuentroinformativo.com.mx\/wp-content\/uploads\/2025\/09\/IMG-20250929-WA0247.jpg 738w\" sizes=\"auto, (max-width: 138px) 100vw, 138px\" \/><\/p>\n","protected":false},"excerpt":{"rendered":"<p>Dar\u00edo Pale Xalapa, Ver.- Desde las primeras horas de este lunes, Coatepec amaneci\u00f3 de fiesta, en punto de las 5:00 de la ma\u00f1ana, grupos parroquiales, familias y visitantes comenzaron la elaboraci\u00f3n de la tradicional alfombra de aserr\u00edn multicolor en honor a San Jer\u00f3nimo, patrono del municipio. En total son 12 grupos organizados quienes, con creatividad [&hellip;]<\/p>\n","protected":false},"author":2476,"featured_media":71388,"comment_status":"open","ping_status":"open","sticky":false,"template":"","format":"standard","meta":{"_jetpack_memberships_contains_paid_content":false,"footnotes":""},"categories":[8],"tags":[],"class_list":["post-71387","post","type-post","status-publish","format-standard","has-post-thumbnail","hentry","category-region"],"jetpack_featured_media_url":"https:\/\/encuentroinformativo.com.mx\/wp-content\/uploads\/2025\/09\/IMG-20250929-WA0249.jpg","jetpack_sharing_enabled":true,"jetpack_likes_enabled":true,"amp_enabled":true,"_links":{"self":[{"href":"https:\/\/encuentroinformativo.com.mx\/index.php?rest_route=\/wp\/v2\/posts\/71387","targetHints":{"allow":["GET"]}}],"collection":[{"href":"https:\/\/encuentroinformativo.com.mx\/index.php?rest_route=\/wp\/v2\/posts"}],"about":[{"href":"https:\/\/encuentroinformativo.com.mx\/index.php?rest_route=\/wp\/v2\/types\/post"}],"author":[{"embeddable":true,"href":"https:\/\/encuentroinformativo.com.mx\/index.php?rest_route=\/wp\/v2\/users\/2476"}],"replies":[{"embeddable":true,"href":"https:\/\/encuentroinformativo.com.mx\/index.php?rest_route=%2Fwp%2Fv2%2Fcomments&post=71387"}],"version-history":[{"count":2,"href":"https:\/\/encuentroinformativo.com.mx\/index.php?rest_route=\/wp\/v2\/posts\/71387\/revisions"}],"predecessor-version":[{"id":71391,"href":"https:\/\/encuentroinformativo.com.mx\/index.php?rest_route=\/wp\/v2\/posts\/71387\/revisions\/71391"}],"wp:featuredmedia":[{"embeddable":true,"href":"https:\/\/encuentroinformativo.com.mx\/index.php?rest_route=\/wp\/v2\/media\/71388"}],"wp:attachment":[{"href":"https:\/\/encuentroinformativo.com.mx\/index.php?rest_route=%2Fwp%2Fv2%2Fmedia&parent=71387"}],"wp:term":[{"taxonomy":"category","embeddable":true,"href":"https:\/\/encuentroinformativo.com.mx\/index.php?rest_route=%2Fwp%2Fv2%2Fcategories&post=71387"},{"taxonomy":"post_tag","embeddable":true,"href":"https:\/\/encuentroinformativo.com.mx\/index.php?rest_route=%2Fwp%2Fv2%2Ftags&post=71387"}],"curies":[{"name":"wp","href":"https:\/\/api.w.org\/{rel}","templated":true}]}}