{"id":71395,"date":"2025-09-29T17:01:23","date_gmt":"2025-09-29T23:01:23","guid":{"rendered":"https:\/\/encuentroinformativo.com.mx\/?p=71395"},"modified":"2025-09-29T17:01:23","modified_gmt":"2025-09-29T23:01:23","slug":"revocacion-de-mandato-tambien-debe-extenderse-a-senadores-nahle","status":"publish","type":"post","link":"https:\/\/encuentroinformativo.com.mx\/?p=71395","title":{"rendered":"Revocaci\u00f3n de mandato tambi\u00e9n debe extenderse a senadores: Nahle"},"content":{"rendered":"<p><strong>Dar\u00edo Pale<\/strong><\/p>\n<p>Xalapa, Ver.- La gobernadora Norma Roc\u00edo Nahle Garc\u00eda revir\u00f3 a la insistencia de algunos legisladores sobre la propuesta de la revocaci\u00f3n de mandato, indicando que \u201cno tiene problema con ello\u201d, adem\u00e1s de recordar que ha llegado a cargos de elecci\u00f3n popular a trav\u00e9s de las urnas.<\/p>\n<p>La figura de revocaci\u00f3n del mandato debe aplicar para todos los cargos de elecci\u00f3n popular de seis a\u00f1os, adem\u00e1s de que se manifest\u00f3 a favor del mismo y rechaz\u00f3 que el Congreso del Estado la proteja al no legislar al respecto.<\/p>\n<p>Nahle Garc\u00eda refiri\u00f3 que ella siempre ha acudido a las urnas y ha sido votada por lo que nunca ha accedido a un cargo de manera plurinominal.<\/p>\n<p>\u201cYo siempre he ido a la urna en el 2012 en el 2015 en el 2021 y en el 2024, yo soy una democr\u00e1tica y siempre he ido a la urna y he respetado la urna, lo que digan el 2012 no me favoreci\u00f3, pues no me favoreci\u00f3, ni impugn\u00e9, ni nada. Yo no tengo ning\u00fan problema, por eso al contrario y adem\u00e1s yo tuve un gran maestro directito, quien a m\u00ed me form\u00f3 pol\u00edticamente se llama Andr\u00e9s Manuel L\u00f3pez Obrador\u201d, se\u00f1al\u00f3.<\/p>\n<p>\u201cEse para m\u00ed no es tema. Y no s\u00f3lo deber\u00eda ser revocaci\u00f3n de mandato para la gobernadora, senadores tambi\u00e9n duran seis a\u00f1os, la presidenta est\u00e1 en revocaci\u00f3n de mandato; los que duramos seis a\u00f1os, est\u00e1 bien; yo no tengo problema con eso. Ya el Congreso lo que decida, sin problema. Yo siempre voy a la urna, nunca he sido pluri\u201d, agreg\u00f3.<\/p>\n<p>Considero, adem\u00e1s, que la revocaci\u00f3n de mandato deber\u00eda aplicarse para la gobernadora , pero tambi\u00e9n para senadores.<\/p>\n<p>Finalmente se\u00f1al\u00f3 que, \u201cla presidenta est\u00e1 en revocaci\u00f3n de mandato, es presidenta, los que duramos 6 a\u00f1os, est\u00e1 bien, yo no tengo problema con eso, ya el congreso lo que decida, sin problema. Yo siempre voy a la urna, nunca he sido pluri\u201d.<\/p>\n","protected":false},"excerpt":{"rendered":"<p>Dar\u00edo Pale Xalapa, Ver.- La gobernadora Norma Roc\u00edo Nahle Garc\u00eda revir\u00f3 a la insistencia de algunos legisladores sobre la propuesta de la revocaci\u00f3n de mandato, indicando que \u201cno tiene problema con ello\u201d, adem\u00e1s de recordar que ha llegado a cargos de elecci\u00f3n popular a trav\u00e9s de las urnas. La figura de revocaci\u00f3n del mandato debe [&hellip;]<\/p>\n","protected":false},"author":2476,"featured_media":71396,"comment_status":"open","ping_status":"open","sticky":false,"template":"","format":"standard","meta":{"_jetpack_memberships_contains_paid_content":false,"footnotes":""},"categories":[2],"tags":[],"class_list":["post-71395","post","type-post","status-publish","format-standard","has-post-thumbnail","hentry","category-estado"],"jetpack_featured_media_url":"https:\/\/encuentroinformativo.com.mx\/wp-content\/uploads\/2025\/09\/IMG-20250929-WA0390-scaled.jpg","jetpack_sharing_enabled":true,"jetpack_likes_enabled":true,"amp_enabled":true,"_links":{"self":[{"href":"https:\/\/encuentroinformativo.com.mx\/index.php?rest_route=\/wp\/v2\/posts\/71395","targetHints":{"allow":["GET"]}}],"collection":[{"href":"https:\/\/encuentroinformativo.com.mx\/index.php?rest_route=\/wp\/v2\/posts"}],"about":[{"href":"https:\/\/encuentroinformativo.com.mx\/index.php?rest_route=\/wp\/v2\/types\/post"}],"author":[{"embeddable":true,"href":"https:\/\/encuentroinformativo.com.mx\/index.php?rest_route=\/wp\/v2\/users\/2476"}],"replies":[{"embeddable":true,"href":"https:\/\/encuentroinformativo.com.mx\/index.php?rest_route=%2Fwp%2Fv2%2Fcomments&post=71395"}],"version-history":[{"count":1,"href":"https:\/\/encuentroinformativo.com.mx\/index.php?rest_route=\/wp\/v2\/posts\/71395\/revisions"}],"predecessor-version":[{"id":71397,"href":"https:\/\/encuentroinformativo.com.mx\/index.php?rest_route=\/wp\/v2\/posts\/71395\/revisions\/71397"}],"wp:featuredmedia":[{"embeddable":true,"href":"https:\/\/encuentroinformativo.com.mx\/index.php?rest_route=\/wp\/v2\/media\/71396"}],"wp:attachment":[{"href":"https:\/\/encuentroinformativo.com.mx\/index.php?rest_route=%2Fwp%2Fv2%2Fmedia&parent=71395"}],"wp:term":[{"taxonomy":"category","embeddable":true,"href":"https:\/\/encuentroinformativo.com.mx\/index.php?rest_route=%2Fwp%2Fv2%2Fcategories&post=71395"},{"taxonomy":"post_tag","embeddable":true,"href":"https:\/\/encuentroinformativo.com.mx\/index.php?rest_route=%2Fwp%2Fv2%2Ftags&post=71395"}],"curies":[{"name":"wp","href":"https:\/\/api.w.org\/{rel}","templated":true}]}}