{"id":71399,"date":"2025-09-29T18:47:04","date_gmt":"2025-09-30T00:47:04","guid":{"rendered":"https:\/\/encuentroinformativo.com.mx\/?p=71399"},"modified":"2025-09-29T18:47:04","modified_gmt":"2025-09-30T00:47:04","slug":"sindicato-del-ipe-renueva-comite-ejecutivo","status":"publish","type":"post","link":"https:\/\/encuentroinformativo.com.mx\/?p=71399","title":{"rendered":"Sindicato del IPE renueva Comit\u00e9 Ejecutivo"},"content":{"rendered":"<p><strong>Alejandro \u00c1vila<\/strong><\/p>\n<p>Veracruz, Ver.- Con 130 votos a favor, en el marco de la Asamblea General Extraordinaria del Sindicato de Trabajadores del Instituto de Pensiones del Estado (STIPE), se llev\u00f3 a cabo la reestructuraci\u00f3n del Comit\u00e9 Ejecutivo, en un proceso que se desarroll\u00f3 en estricto apego a la legalidad y a lo establecido en los estatutos sindicales.<\/p>\n<p>El secretario general del STIPE, Ra\u00fal Maldonado Loeza, inform\u00f3 que la Asamblea cumpli\u00f3 con lo dispuesto en el art\u00edculo 9, fracci\u00f3n VIII de los estatutos, quedando los nuevos nombramientos de la siguiente manera:<\/p>\n<p>Ana Luisa Conde Callejas, Secretar\u00eda del Interior, Propaganda y Organizaci\u00f3n<\/p>\n<p>Osvaldo Santa Rosa Pi\u00f1ero, Secretar\u00eda de Trabajo y Conflictos<\/p>\n<p>Rafael V\u00e1squez Ortiz, Secretar\u00eda de Finanzas<\/p>\n<p>Anel M\u00e1rquez Pav\u00f3n, Secretar\u00eda de Servicios M\u00e9dicos<\/p>\n<p>Anabell Camacho Castro, Secretar\u00eda de Actas y Acuerdos<\/p>\n<p>Jorge Alarc\u00f3n P\u00e9rez, Secretar\u00eda de Acci\u00f3n Social, Deportiva y Fomento Sindical<\/p>\n<p>Maldonado Loeza lament\u00f3 los hechos ocurridos el pasado 25 de septiembre, cuando un grupo minoritario de 25 trabajadores intent\u00f3 impedir la realizaci\u00f3n de la sesi\u00f3n. No obstante, destac\u00f3 que la Asamblea se efectu\u00f3 en los tiempos programados y con la participaci\u00f3n mayoritaria de los agremiados.<\/p>\n<p>En ese sentido explic\u00f3 que, \u201cEl punto a tratar se realiz\u00f3 a petici\u00f3n de m\u00e1s de 50 trabajadores en activo como se estipula en los Estatutos vigentes de la Organizacion. Conforme a nuestros lineamientos, ellos ten\u00edan pleno derecho a solicitar la Asamblea, y como dirigencia cumplimos con darles respuesta\u201d, puntualiz\u00f3.<\/p>\n<p>Durante la sesi\u00f3n, se acord\u00f3 la ratificaci\u00f3n y reestructuraci\u00f3n del Comit\u00e9 Ejecutivo, con una votaci\u00f3n de 130 sufragios a favor de un total de 169 asistentes, lo que representa mayor\u00eda absoluta, suficiente para aprobar la reforma estatutaria que avala la decisi\u00f3n para el periodo 2025-2029.<\/p>\n<p>Finalmente, el secretario general subray\u00f3 que el Comit\u00e9 Ejecutivo del STIPE trabajar\u00e1 siempre en beneficio de sus agremiados, privilegiando el respeto, la unidad y el fortalecimiento del sindicato. Al mismo tiempo, exhort\u00f3 a quienes se manifestaron en contra a conducirse con civilidad y respeto hacia la voluntad de la mayor\u00eda.<\/p>\n","protected":false},"excerpt":{"rendered":"<p>Alejandro \u00c1vila Veracruz, Ver.- Con 130 votos a favor, en el marco de la Asamblea General Extraordinaria del Sindicato de Trabajadores del Instituto de Pensiones del Estado (STIPE), se llev\u00f3 a cabo la reestructuraci\u00f3n del Comit\u00e9 Ejecutivo, en un proceso que se desarroll\u00f3 en estricto apego a la legalidad y a lo establecido en los [&hellip;]<\/p>\n","protected":false},"author":2476,"featured_media":71400,"comment_status":"open","ping_status":"open","sticky":false,"template":"","format":"standard","meta":{"_jetpack_memberships_contains_paid_content":false,"footnotes":""},"categories":[2],"tags":[],"class_list":["post-71399","post","type-post","status-publish","format-standard","has-post-thumbnail","hentry","category-estado"],"jetpack_featured_media_url":"https:\/\/encuentroinformativo.com.mx\/wp-content\/uploads\/2025\/09\/IMG-20250929-WA0407.jpg","jetpack_sharing_enabled":true,"jetpack_likes_enabled":true,"amp_enabled":true,"_links":{"self":[{"href":"https:\/\/encuentroinformativo.com.mx\/index.php?rest_route=\/wp\/v2\/posts\/71399","targetHints":{"allow":["GET"]}}],"collection":[{"href":"https:\/\/encuentroinformativo.com.mx\/index.php?rest_route=\/wp\/v2\/posts"}],"about":[{"href":"https:\/\/encuentroinformativo.com.mx\/index.php?rest_route=\/wp\/v2\/types\/post"}],"author":[{"embeddable":true,"href":"https:\/\/encuentroinformativo.com.mx\/index.php?rest_route=\/wp\/v2\/users\/2476"}],"replies":[{"embeddable":true,"href":"https:\/\/encuentroinformativo.com.mx\/index.php?rest_route=%2Fwp%2Fv2%2Fcomments&post=71399"}],"version-history":[{"count":1,"href":"https:\/\/encuentroinformativo.com.mx\/index.php?rest_route=\/wp\/v2\/posts\/71399\/revisions"}],"predecessor-version":[{"id":71401,"href":"https:\/\/encuentroinformativo.com.mx\/index.php?rest_route=\/wp\/v2\/posts\/71399\/revisions\/71401"}],"wp:featuredmedia":[{"embeddable":true,"href":"https:\/\/encuentroinformativo.com.mx\/index.php?rest_route=\/wp\/v2\/media\/71400"}],"wp:attachment":[{"href":"https:\/\/encuentroinformativo.com.mx\/index.php?rest_route=%2Fwp%2Fv2%2Fmedia&parent=71399"}],"wp:term":[{"taxonomy":"category","embeddable":true,"href":"https:\/\/encuentroinformativo.com.mx\/index.php?rest_route=%2Fwp%2Fv2%2Fcategories&post=71399"},{"taxonomy":"post_tag","embeddable":true,"href":"https:\/\/encuentroinformativo.com.mx\/index.php?rest_route=%2Fwp%2Fv2%2Ftags&post=71399"}],"curies":[{"name":"wp","href":"https:\/\/api.w.org\/{rel}","templated":true}]}}