{"id":71421,"date":"2025-09-30T13:08:01","date_gmt":"2025-09-30T19:08:01","guid":{"rendered":"https:\/\/encuentroinformativo.com.mx\/?p=71421"},"modified":"2025-09-30T13:08:01","modified_gmt":"2025-09-30T19:08:01","slug":"preocupa-seguridad-en-sayula-de-aleman-y-texistepec-afirma-pt","status":"publish","type":"post","link":"https:\/\/encuentroinformativo.com.mx\/?p=71421","title":{"rendered":"Preocupa seguridad en Sayula de Alem\u00e1n y Texistepec, afirma PT"},"content":{"rendered":"<p><strong>Dar\u00edo Pale<\/strong><\/p>\n<p>Xalapa, Ver.- El Partido del Trabajo (PT) en Veracruz ha expresado su preocupaci\u00f3n por la situaci\u00f3n de seguridad en los municipios de Sayula de Alem\u00e1n y Texistepec, el coordinador de la Comisi\u00f3n Ejecutiva Estatal del PT, Vicente Aguilar Aguilar, hizo un llamado a las autoridades para que atiendan esta problem\u00e1tica de manera efectiva y coordinada.<\/p>\n<p>El PT considera que la seguridad p\u00fablica municipal y estatal deber\u00eda estar en concordancia y que exista confianza y comunicaci\u00f3n entre ellas, la instalaci\u00f3n de una base naval en Texistepec es vista como positiva, pero insuficiente si no se acompa\u00f1a de transparencia y legalidad en las administraciones municipales y estatales.<\/p>\n<p>&#8220;La seguridad p\u00fablica municipal y estatal deber\u00edan de estar en concordancia y, sobre todo, que exista confianza y comunicaci\u00f3n entre ellas, no puede depender de improvisaciones ni de autoridades rebasadas&#8221;, se\u00f1al\u00f3.<\/p>\n<p>&#8220;La instalaci\u00f3n de la base naval en Texistepec es positiva, pero insuficiente si no se acompa\u00f1a de transparencia y legalidad en las administraciones municipales y estatales. La seguridad exige instituciones firmes, no autoridades que firman informes bajo protesta\u201d, agreg\u00f3.<\/p>\n<p>Ha aplaudido el resultado en materia financiera de la gobernadora Roc\u00edo Nahle, destacando la obtenci\u00f3n de calificaciones aprobatorias para la obtenci\u00f3n de cr\u00e9ditos a largo plazo, y se ha reconocido el esfuerzo para disminuir los compromisos con el Estado en el ISSSTE y el SAT, as\u00ed como el pago oportuno y anticipado de cr\u00e9ditos.<\/p>\n<p>&#8220;Toda vez que Veracruz ha obtenido calificaciones aprobatorias para la obtenci\u00f3n de cr\u00e9ditos a largo plazo, teniendo una calificaci\u00f3n con Perspectiva Estable, esto debido a un manejo eficiente de los ingresos, mayor disciplina en el gasto p\u00fablico, disminuci\u00f3n de pasivos hist\u00f3ricos y uso oportuno de recursos gubernamentales&#8221;, coment\u00f3.<\/p>\n<p>El Congreso de Veracruz aprob\u00f3 una ampliaci\u00f3n presupuestal de 50 millones de pesos para la Fiscal\u00eda General del Estado, por lo que el PT ha expresado incertidumbre sobre una posible nueva reelecci\u00f3n de Ver\u00f3nica Hern\u00e1ndez Giad\u00e1ns en la Fiscal\u00eda debido a rezagos en investigaciones y deficiencias en la atenci\u00f3n a v\u00edctimas.<\/p>\n<p>As\u00ed, el presupuesto de la dependencia pasar\u00e1 de mil 777 millones a m\u00e1s de mil 827 millones de pesos.<\/p>\n<p>&#8220;La aprobaci\u00f3n del incremento es muestra de la gesti\u00f3n de la fiscal Ver\u00f3nica Hern\u00e1ndez Giad\u00e1ns en favor de las v\u00edctimas por colectivos de desaparecidos, as\u00ed como al desempe\u00f1o durante su administraci\u00f3n&#8221;, refiri\u00f3.<\/p>\n<p>Por otra parte, ha celebrado la aprobaci\u00f3n en el Congreso de Veracruz de la minuta que eleva a rango constitucional la Ley de Extorsi\u00f3n, se considera que esta medida es oportuna y adecuada para combatir el delito de extorsi\u00f3n, que afecta a miles de ciudadanos en el estado.<\/p>\n<p>Finalmente coment\u00f3, &#8220;es una medida oportuna y adecuada, pues este delito afecta a miles de ciudadanos en nuestro Estado. La reforma faculta al Congreso de la Uni\u00f3n a efecto de crear una Ley General que defina la extorsi\u00f3n, establezca sus agravantes y sancione de manera m\u00e1s severa a v\u00edctimas y testigos. Esto es fundamental para garantizar la justicia y la seguridad de los ciudadanos. El PT considera que este delito es de urgente atenci\u00f3n, toda vez que las cifras muestran un aumento alarmante en las denuncias por extorsi\u00f3n en Veracruz.<\/p>\n","protected":false},"excerpt":{"rendered":"<p>Dar\u00edo Pale Xalapa, Ver.- El Partido del Trabajo (PT) en Veracruz ha expresado su preocupaci\u00f3n por la situaci\u00f3n de seguridad en los municipios de Sayula de Alem\u00e1n y Texistepec, el coordinador de la Comisi\u00f3n Ejecutiva Estatal del PT, Vicente Aguilar Aguilar, hizo un llamado a las autoridades para que atiendan esta problem\u00e1tica de manera efectiva [&hellip;]<\/p>\n","protected":false},"author":2476,"featured_media":71422,"comment_status":"open","ping_status":"open","sticky":false,"template":"","format":"standard","meta":{"_jetpack_memberships_contains_paid_content":false,"footnotes":""},"categories":[2],"tags":[],"class_list":["post-71421","post","type-post","status-publish","format-standard","has-post-thumbnail","hentry","category-estado"],"jetpack_featured_media_url":"https:\/\/encuentroinformativo.com.mx\/wp-content\/uploads\/2025\/09\/IMG-20250930-WA01532.jpg","jetpack_sharing_enabled":true,"jetpack_likes_enabled":true,"amp_enabled":true,"_links":{"self":[{"href":"https:\/\/encuentroinformativo.com.mx\/index.php?rest_route=\/wp\/v2\/posts\/71421","targetHints":{"allow":["GET"]}}],"collection":[{"href":"https:\/\/encuentroinformativo.com.mx\/index.php?rest_route=\/wp\/v2\/posts"}],"about":[{"href":"https:\/\/encuentroinformativo.com.mx\/index.php?rest_route=\/wp\/v2\/types\/post"}],"author":[{"embeddable":true,"href":"https:\/\/encuentroinformativo.com.mx\/index.php?rest_route=\/wp\/v2\/users\/2476"}],"replies":[{"embeddable":true,"href":"https:\/\/encuentroinformativo.com.mx\/index.php?rest_route=%2Fwp%2Fv2%2Fcomments&post=71421"}],"version-history":[{"count":1,"href":"https:\/\/encuentroinformativo.com.mx\/index.php?rest_route=\/wp\/v2\/posts\/71421\/revisions"}],"predecessor-version":[{"id":71423,"href":"https:\/\/encuentroinformativo.com.mx\/index.php?rest_route=\/wp\/v2\/posts\/71421\/revisions\/71423"}],"wp:featuredmedia":[{"embeddable":true,"href":"https:\/\/encuentroinformativo.com.mx\/index.php?rest_route=\/wp\/v2\/media\/71422"}],"wp:attachment":[{"href":"https:\/\/encuentroinformativo.com.mx\/index.php?rest_route=%2Fwp%2Fv2%2Fmedia&parent=71421"}],"wp:term":[{"taxonomy":"category","embeddable":true,"href":"https:\/\/encuentroinformativo.com.mx\/index.php?rest_route=%2Fwp%2Fv2%2Fcategories&post=71421"},{"taxonomy":"post_tag","embeddable":true,"href":"https:\/\/encuentroinformativo.com.mx\/index.php?rest_route=%2Fwp%2Fv2%2Ftags&post=71421"}],"curies":[{"name":"wp","href":"https:\/\/api.w.org\/{rel}","templated":true}]}}