{"id":7143,"date":"2020-10-21T11:44:40","date_gmt":"2020-10-21T16:44:40","guid":{"rendered":"https:\/\/encuentroinformativo.com.mx\/?p=7143"},"modified":"2020-10-21T11:44:43","modified_gmt":"2020-10-21T16:44:43","slug":"leticia-y-su-queja","status":"publish","type":"post","link":"https:\/\/encuentroinformativo.com.mx\/?p=7143","title":{"rendered":"Leticia y su queja"},"content":{"rendered":"\n<p><strong>Los Pol\u00edticos<\/strong>\u00a0<\/p>\n\n\n\n<p><strong>Salvador Mu\u00f1oz<\/strong><\/p>\n\n\n\n<p>La resoluci\u00f3n del OPLE, con respecto a la queja presentada por la presidenta municipal de C\u00f3rdoba, Leticia L\u00f3pez Landero, en contra de un medio de comunicaci\u00f3n as\u00ed como ramas y redes de \u00e9ste, as\u00ed como a su due\u00f1o, marca historia.<\/p>\n\n\n\n<p>En la primera semana del mes que corre, la alcaldesa de la Ciudad de los 30 Caballeros puso un \u201cHasta aqu\u00ed\u201d a las actividades que en su contra ejerc\u00edan en El Buen Tono y Radio 98.3 FM, del empresario Jos\u00e9 Abella Garc\u00eda, as\u00ed como por sus redes sociales.<\/p>\n\n\n\n<p>Cuando uno refiere \u201cactividades en contra de la alcaldesa\u201d es porque la difusi\u00f3n del contenido en estos medios carece de cualquier sustento period\u00edstico y conlleva a la desinformaci\u00f3n. A ello hay que sumar la serie de insultos que en el impreso o radio profer\u00edan contra la edil\u2026 s\u00ed, insultos que se alejaban del ejercicio period\u00edstico y por ende, de la libertad de expresi\u00f3n.<\/p>\n\n\n\n<p>No hab\u00eda d\u00eda en que el insulto y la desinformaci\u00f3n se mantuvieran por encima del periodismo\u2026 por esa raz\u00f3n, L\u00f3pez Landero interpuso queja ante el OPLE Veracruz aludiendo violencia pol\u00edtica en raz\u00f3n de g\u00e9nero.<\/p>\n\n\n\n<p>La resoluci\u00f3n a favor de la alcaldesa de la Ciudad de los 30 Caballeros conlleva a algunas&nbsp; medidas cautelares.<\/p>\n\n\n\n<p>Estas medidas conllevan a que la Estaci\u00f3n de Radio 98.3 FM (en Internet denominada Radio Banana) retire, elimine, suprima o edite (en 24 horas a partir del acuerdo) las publicaciones referidas de su perfil en la red social Facebook.<\/p>\n\n\n\n<p>Por otro lado, se han de tomar las siguientes medidas: la Comisi\u00f3n Estatal de Derechos Humanos ha de impartir charlas, talleres, cursos de sensibilizaci\u00f3n al mism\u00edsimo Jos\u00e9 Abella Garc\u00eda sobre la importancia del respeto a los derechos de las mujeres\u2026<\/p>\n\n\n\n<p>Otra instancia que ha intervenir en esta resoluci\u00f3n en favor de la presidenta municipal de C\u00f3rdoba, es la Comisi\u00f3n Estatal para la Atenci\u00f3n y Protecci\u00f3n de los Periodistas, quien deber\u00e1 instar a Abella Garc\u00eda a hacer campa\u00f1as en sus medios sobre la importancia del uso de un lenguaje incluyente, no sexista ni discriminatorio.<\/p>\n\n\n\n<p>En cuanto hace a L\u00f3pez Landero, el Instituto Veracruzano de las Mujeres ha de brindarle asesoramiento y acompa\u00f1amiento a la denunciante con la finalidad de implementar acciones y medidas tendientes a garantizar su integridad. Tambi\u00e9n la Comisi\u00f3n Estatal de Derechos Humanos ha de brindarle facilidades, apoyo, asesor\u00eda y protecci\u00f3n, igual, a fin de garantizar su integridad.<\/p>\n\n\n\n<p>Habr\u00eda que considerar cu\u00e1les ser\u00e1n las condiciones futuras de este medio, o m\u00e1s bien de su due\u00f1o, porque de un modo u otro, queda \u201cfichado\u201d como un \u201cagresor\u201d pol\u00edtico en raz\u00f3n de g\u00e9nero.<\/p>\n\n\n\n<p>A partir del 19 de octubre, fecha en que&nbsp; el OPLE Veracruz, a trav\u00e9s de su direcci\u00f3n de Asuntos Jur\u00eddicos, resolvi\u00f3 esta queja, Leticia L\u00f3pez Landero hace historia, al ser la primera presidenta municipal que interpuso juicio contra un medio que confundi\u00f3 la cr\u00edtica y el periodismo con el insulto y la desinformaci\u00f3n\u2026 \u00a1y gan\u00f3!<\/p>\n\n\n\n<p><a href=\"mailto:smcainito@gmail.com\" target=\"_blank\" rel=\"noreferrer noopener\">smcainito@gmail.com<\/a><\/p>\n","protected":false},"excerpt":{"rendered":"<p>Los Pol\u00edticos\u00a0 Salvador Mu\u00f1oz La resoluci\u00f3n del OPLE, con respecto a la queja presentada por la presidenta municipal de C\u00f3rdoba, Leticia L\u00f3pez Landero, en contra de un medio de comunicaci\u00f3n as\u00ed como ramas y redes de \u00e9ste, as\u00ed como a su due\u00f1o, marca historia. En la primera semana del mes que corre, la alcaldesa de [&hellip;]<\/p>\n","protected":false},"author":1,"featured_media":387,"comment_status":"open","ping_status":"open","sticky":false,"template":"","format":"standard","meta":{"_jetpack_memberships_contains_paid_content":false,"footnotes":""},"categories":[11],"tags":[],"class_list":["post-7143","post","type-post","status-publish","format-standard","has-post-thumbnail","hentry","category-opinion"],"jetpack_featured_media_url":"https:\/\/encuentroinformativo.com.mx\/wp-content\/uploads\/2020\/03\/7CF8A22B-2764-47BE-8F7F-38FE9E5D6A2F.jpeg","jetpack_sharing_enabled":true,"jetpack_likes_enabled":true,"amp_enabled":true,"_links":{"self":[{"href":"https:\/\/encuentroinformativo.com.mx\/index.php?rest_route=\/wp\/v2\/posts\/7143","targetHints":{"allow":["GET"]}}],"collection":[{"href":"https:\/\/encuentroinformativo.com.mx\/index.php?rest_route=\/wp\/v2\/posts"}],"about":[{"href":"https:\/\/encuentroinformativo.com.mx\/index.php?rest_route=\/wp\/v2\/types\/post"}],"author":[{"embeddable":true,"href":"https:\/\/encuentroinformativo.com.mx\/index.php?rest_route=\/wp\/v2\/users\/1"}],"replies":[{"embeddable":true,"href":"https:\/\/encuentroinformativo.com.mx\/index.php?rest_route=%2Fwp%2Fv2%2Fcomments&post=7143"}],"version-history":[{"count":1,"href":"https:\/\/encuentroinformativo.com.mx\/index.php?rest_route=\/wp\/v2\/posts\/7143\/revisions"}],"predecessor-version":[{"id":7144,"href":"https:\/\/encuentroinformativo.com.mx\/index.php?rest_route=\/wp\/v2\/posts\/7143\/revisions\/7144"}],"wp:featuredmedia":[{"embeddable":true,"href":"https:\/\/encuentroinformativo.com.mx\/index.php?rest_route=\/wp\/v2\/media\/387"}],"wp:attachment":[{"href":"https:\/\/encuentroinformativo.com.mx\/index.php?rest_route=%2Fwp%2Fv2%2Fmedia&parent=7143"}],"wp:term":[{"taxonomy":"category","embeddable":true,"href":"https:\/\/encuentroinformativo.com.mx\/index.php?rest_route=%2Fwp%2Fv2%2Fcategories&post=7143"},{"taxonomy":"post_tag","embeddable":true,"href":"https:\/\/encuentroinformativo.com.mx\/index.php?rest_route=%2Fwp%2Fv2%2Ftags&post=7143"}],"curies":[{"name":"wp","href":"https:\/\/api.w.org\/{rel}","templated":true}]}}