{"id":71441,"date":"2025-09-30T15:52:45","date_gmt":"2025-09-30T21:52:45","guid":{"rendered":"https:\/\/encuentroinformativo.com.mx\/?p=71441"},"modified":"2025-09-30T15:52:45","modified_gmt":"2025-09-30T21:52:45","slug":"anuncia-gobernadora-ajustes-y-avances-en-obras-estrategicas-del-sur-de-veracruz","status":"publish","type":"post","link":"https:\/\/encuentroinformativo.com.mx\/?p=71441","title":{"rendered":"Anuncia Gobernadora ajustes y avances en obras estrat\u00e9gicas del sur de Veracruz"},"content":{"rendered":"<p><strong>Jos\u00e9 Vargas<\/strong><\/p>\n<p>Durante su gira de trabajo en Minatitl\u00e1n, la gobernadora Roc\u00edo Nahle Garc\u00eda inform\u00f3 sobre el avance de diversas obras de infraestructura en la regi\u00f3n sur del estado, entre ellas la reconstrucci\u00f3n de la carretera Coatzacoalcos-Canticas-Minatitl\u00e1n, la rehabilitaci\u00f3n de la v\u00eda Acayucan-San Pedro Soteapan y el pr\u00f3ximo lanzamiento de la licitaci\u00f3n para el nuevo Puente Coatzacoalcos.<\/p>\n<p>En relaci\u00f3n con la carretera que conecta al Aeropuerto Internacional de Minatitl\u00e1n con Coatzacoalcos, explic\u00f3 que el proyecto original contemplaba cuatro carriles, pero tras un ajuste derivado de problemas con el derecho de v\u00eda, la obra ser\u00e1 de tres carriles anchos, lo que permitir\u00e1 garantizar su funcionalidad y seguridad.<\/p>\n<p>\u201cSer\u00e1 una carretera amplia de tres carriles que ayudar\u00e1 a disminuir el tr\u00e1fico vehicular en una zona clave para el movimiento de mercanc\u00edas y pasajeros desde el aeropuerto de Minatitl\u00e1n\u201d, puntualiz\u00f3 la mandataria.<\/p>\n<p>La obra contempla m\u00e1s de 8 kil\u00f3metros de ampliaci\u00f3n y reencarpetamiento, desde el aeropuerto hasta la entrada de Coatzacoalcos, incluyendo la reconstrucci\u00f3n del puente Calzadas II.<\/p>\n<p>En cuanto a la carretera Acayucan-San Pedro Soteapan, la gobernadora inform\u00f3 que esta misma semana lleg\u00f3 maquinaria para iniciar los trabajos de bacheo y reencarpetamiento en sus 22 kil\u00f3metros de longitud, con el prop\u00f3sito de mejorar el tr\u00e1nsito de trabajadores, estudiantes y productores que a diario circulan por esta v\u00eda.<\/p>\n<p>Por otra parte, Nahle Garc\u00eda adelant\u00f3 que en octubre se lanzar\u00e1 la licitaci\u00f3n federal del nuevo puente Coatzacoalcos, a cargo de la Secretar\u00eda de Comunicaciones y Transportes (SCT), y se dar\u00e1 a conocer el proyecto correspondiente.<\/p>\n<p><strong>\u201cEducaci\u00f3n y seguridad en la agenda\u201d<\/strong><\/p>\n<p>En materia educativa, la mandataria estatal confirm\u00f3 su intervenci\u00f3n en la Universidad Popular Aut\u00f3noma de Veracruz (UPAV), donde recientemente se design\u00f3 a un nuevo rector:<\/p>\n<p>\u201cAyer firm\u00e9 el cambio del nuevo rector. Necesito meterme, debe haber orden. Las escuelas son para que los j\u00f3venes sean atendidos, no para otra cosa. Tengo un compromiso may\u00fasculo con la educaci\u00f3n; la presidenta, todav\u00eda m\u00e1s\u201d, declar\u00f3.<\/p>\n<p>En temas de seguridad, Nahle inform\u00f3 que ya se abrieron carpetas de investigaci\u00f3n en la Fiscal\u00eda General del Estado por los casos de personas desaparecidas en Chinameca y Texistepec, asegurando que habr\u00e1 seguimiento puntual para cada uno de ellos.<\/p>\n<p>Con estas acciones, la gobernadora subray\u00f3 que su administraci\u00f3n mantiene un compromiso firme con la infraestructura, la educaci\u00f3n y la seguridad, respondiendo a las demandas ciudadanas y trabajando de manera coordinada con el gobierno federal y los municipios del sur de Veracruz.<\/p>\n","protected":false},"excerpt":{"rendered":"<p>Jos\u00e9 Vargas Durante su gira de trabajo en Minatitl\u00e1n, la gobernadora Roc\u00edo Nahle Garc\u00eda inform\u00f3 sobre el avance de diversas obras de infraestructura en la regi\u00f3n sur del estado, entre ellas la reconstrucci\u00f3n de la carretera Coatzacoalcos-Canticas-Minatitl\u00e1n, la rehabilitaci\u00f3n de la v\u00eda Acayucan-San Pedro Soteapan y el pr\u00f3ximo lanzamiento de la licitaci\u00f3n para el nuevo [&hellip;]<\/p>\n","protected":false},"author":2476,"featured_media":71442,"comment_status":"open","ping_status":"open","sticky":false,"template":"","format":"standard","meta":{"_jetpack_memberships_contains_paid_content":false,"footnotes":""},"categories":[2],"tags":[],"class_list":["post-71441","post","type-post","status-publish","format-standard","has-post-thumbnail","hentry","category-estado"],"jetpack_featured_media_url":"https:\/\/encuentroinformativo.com.mx\/wp-content\/uploads\/2025\/09\/IMG-20250930-WA0304.jpg","jetpack_sharing_enabled":true,"jetpack_likes_enabled":true,"amp_enabled":true,"_links":{"self":[{"href":"https:\/\/encuentroinformativo.com.mx\/index.php?rest_route=\/wp\/v2\/posts\/71441","targetHints":{"allow":["GET"]}}],"collection":[{"href":"https:\/\/encuentroinformativo.com.mx\/index.php?rest_route=\/wp\/v2\/posts"}],"about":[{"href":"https:\/\/encuentroinformativo.com.mx\/index.php?rest_route=\/wp\/v2\/types\/post"}],"author":[{"embeddable":true,"href":"https:\/\/encuentroinformativo.com.mx\/index.php?rest_route=\/wp\/v2\/users\/2476"}],"replies":[{"embeddable":true,"href":"https:\/\/encuentroinformativo.com.mx\/index.php?rest_route=%2Fwp%2Fv2%2Fcomments&post=71441"}],"version-history":[{"count":2,"href":"https:\/\/encuentroinformativo.com.mx\/index.php?rest_route=\/wp\/v2\/posts\/71441\/revisions"}],"predecessor-version":[{"id":71444,"href":"https:\/\/encuentroinformativo.com.mx\/index.php?rest_route=\/wp\/v2\/posts\/71441\/revisions\/71444"}],"wp:featuredmedia":[{"embeddable":true,"href":"https:\/\/encuentroinformativo.com.mx\/index.php?rest_route=\/wp\/v2\/media\/71442"}],"wp:attachment":[{"href":"https:\/\/encuentroinformativo.com.mx\/index.php?rest_route=%2Fwp%2Fv2%2Fmedia&parent=71441"}],"wp:term":[{"taxonomy":"category","embeddable":true,"href":"https:\/\/encuentroinformativo.com.mx\/index.php?rest_route=%2Fwp%2Fv2%2Fcategories&post=71441"},{"taxonomy":"post_tag","embeddable":true,"href":"https:\/\/encuentroinformativo.com.mx\/index.php?rest_route=%2Fwp%2Fv2%2Ftags&post=71441"}],"curies":[{"name":"wp","href":"https:\/\/api.w.org\/{rel}","templated":true}]}}