{"id":7145,"date":"2020-10-21T11:51:25","date_gmt":"2020-10-21T16:51:25","guid":{"rendered":"https:\/\/encuentroinformativo.com.mx\/?p=7145"},"modified":"2020-10-21T11:51:27","modified_gmt":"2020-10-21T16:51:27","slug":"despues-de-seis-meses-reabren-parque-juarez-de-forma-parcial","status":"publish","type":"post","link":"https:\/\/encuentroinformativo.com.mx\/?p=7145","title":{"rendered":"Despu\u00e9s de seis meses, reabren parque Ju\u00e1rez de forma parcial"},"content":{"rendered":"\n<p><strong>Juan Arcos <\/strong><\/p>\n\n\n\n<p>Xalapa, Ver.- Autoridades municipales reabrieron, de manera parcial, el parque Benito Ju\u00e1rez, ubicado en pleno coraz\u00f3n de la capital del estado.<\/p>\n\n\n\n<p>El director de Protecci\u00f3n Civil, Jes\u00fas Vargas Hern\u00e1ndez, revel\u00f3 que un total de 50 comerciantes regresar\u00e1n a sus puestos de trabajo, despu\u00e9s de seis meses que hab\u00eda permanecido cerrado el lugar, debido a la pandemia del SARS-COV-2 (COVID-19).\u00a0<\/p>\n\n\n\n<p>\u201cNo habr\u00e1 presencia de los globeros por el momento, se ha platicado con ellos, pero esto va a ser una prueba de un mes\u201d.<\/p>\n\n\n\n<p>Cerca de las ocho de la ma\u00f1ana de este mi\u00e9rcoles 21 de octubre, se llevaron a cabo los \u00faltimos trabajos para la desinfecci\u00f3n del lugar y, posteriormente, algunos boleros y comerciantes de comida reabrieron sus puestos.<\/p>\n\n\n\n<p>Cabe recordar que el parque Ju\u00e1rez fue cerrado al p\u00fablico el pasado 24 de abril, como una medida para evitar aglomeraciones y la propagaci\u00f3n de la enfermedad.<\/p>\n\n\n\n<p>El funcionario municipal detall\u00f3 que el espacio estar\u00e1 abierto en un horario de ocho de la ma\u00f1ana a siete de la noche y los comerciantes podr\u00e1n vender comida solo para llevar.<\/p>\n\n\n\n<p>\u201cLos clientes no podr\u00e1n consumir sus alimentos en dicho lugar, pues se busca evitar aglomeraciones\u201d.<\/p>\n\n\n\n<p>Vargas Hern\u00e1ndez a\u00f1adi\u00f3 que los vendedores deber\u00e1n acatar las medidas sanitarias, como usar cubrebocas, gel antibacterial, cuidar la sana distancia y que la comida sea \u00fanicamente para llevar.<\/p>\n\n\n\n<p>El Director de Protecci\u00f3n Civil del ayuntamiento de Xalapa mencion\u00f3 que en caso de que no sean respetadas dichas medidas, el parque Ju\u00e1rez ser\u00e1 cerrado nuevamente.<\/p>\n\n\n\n<p>Cabe mencionar que s\u00f3lo permanecer\u00e1 abierto el pasillo donde se encuentran las casetas de comida y las sillas de los betuneros.<\/p>\n\n\n\n<p>El acceso ser\u00e1 por las escalinatas de la calle Ignacio Zaragoza y de la Pinacoteca Diego Rivera.<\/p>\n","protected":false},"excerpt":{"rendered":"<p>Juan Arcos Xalapa, Ver.- Autoridades municipales reabrieron, de manera parcial, el parque Benito Ju\u00e1rez, ubicado en pleno coraz\u00f3n de la capital del estado. El director de Protecci\u00f3n Civil, Jes\u00fas Vargas Hern\u00e1ndez, revel\u00f3 que un total de 50 comerciantes regresar\u00e1n a sus puestos de trabajo, despu\u00e9s de seis meses que hab\u00eda permanecido cerrado el lugar, debido [&hellip;]<\/p>\n","protected":false},"author":1,"featured_media":7146,"comment_status":"open","ping_status":"open","sticky":false,"template":"","format":"standard","meta":{"_jetpack_memberships_contains_paid_content":false,"footnotes":""},"categories":[3],"tags":[],"class_list":["post-7145","post","type-post","status-publish","format-standard","has-post-thumbnail","hentry","category-xalapa"],"jetpack_featured_media_url":"https:\/\/encuentroinformativo.com.mx\/wp-content\/uploads\/2020\/10\/A062BFAB-C6CE-4615-94CC-71903E7D7E2C.jpeg","jetpack_sharing_enabled":true,"jetpack_likes_enabled":true,"amp_enabled":true,"_links":{"self":[{"href":"https:\/\/encuentroinformativo.com.mx\/index.php?rest_route=\/wp\/v2\/posts\/7145","targetHints":{"allow":["GET"]}}],"collection":[{"href":"https:\/\/encuentroinformativo.com.mx\/index.php?rest_route=\/wp\/v2\/posts"}],"about":[{"href":"https:\/\/encuentroinformativo.com.mx\/index.php?rest_route=\/wp\/v2\/types\/post"}],"author":[{"embeddable":true,"href":"https:\/\/encuentroinformativo.com.mx\/index.php?rest_route=\/wp\/v2\/users\/1"}],"replies":[{"embeddable":true,"href":"https:\/\/encuentroinformativo.com.mx\/index.php?rest_route=%2Fwp%2Fv2%2Fcomments&post=7145"}],"version-history":[{"count":1,"href":"https:\/\/encuentroinformativo.com.mx\/index.php?rest_route=\/wp\/v2\/posts\/7145\/revisions"}],"predecessor-version":[{"id":7147,"href":"https:\/\/encuentroinformativo.com.mx\/index.php?rest_route=\/wp\/v2\/posts\/7145\/revisions\/7147"}],"wp:featuredmedia":[{"embeddable":true,"href":"https:\/\/encuentroinformativo.com.mx\/index.php?rest_route=\/wp\/v2\/media\/7146"}],"wp:attachment":[{"href":"https:\/\/encuentroinformativo.com.mx\/index.php?rest_route=%2Fwp%2Fv2%2Fmedia&parent=7145"}],"wp:term":[{"taxonomy":"category","embeddable":true,"href":"https:\/\/encuentroinformativo.com.mx\/index.php?rest_route=%2Fwp%2Fv2%2Fcategories&post=7145"},{"taxonomy":"post_tag","embeddable":true,"href":"https:\/\/encuentroinformativo.com.mx\/index.php?rest_route=%2Fwp%2Fv2%2Ftags&post=7145"}],"curies":[{"name":"wp","href":"https:\/\/api.w.org\/{rel}","templated":true}]}}