{"id":71453,"date":"2025-10-01T09:41:14","date_gmt":"2025-10-01T15:41:14","guid":{"rendered":"https:\/\/encuentroinformativo.com.mx\/?p=71453"},"modified":"2025-10-01T09:41:14","modified_gmt":"2025-10-01T15:41:14","slug":"alarma-incendio-de-trailer-nodriza-en-veracruz","status":"publish","type":"post","link":"https:\/\/encuentroinformativo.com.mx\/?p=71453","title":{"rendered":"Alarma incendio de tr\u00e1iler nodriza en Veracruz"},"content":{"rendered":"<p><strong>Alejandro \u00c1vila<\/strong><\/p>\n<p>Veracruz, Ver.- Una fuerte movilizaci\u00f3n de los cuerpos de emergencia se suscit\u00f3 la noche de este martes 30 de septiembre tras el reporte de incendio de un tr\u00e1iler nodriza en la carretera federal Veracruz &#8211; Xalapa, a la altura de la localidad de Santa Fe.<\/p>\n<p>Elementos de la Guardia Nacional divisi\u00f3n Caminos acudieron al sitio para acordonar la zona y distribuir con eficacia el tr\u00e1nsito, evitando as\u00ed que otros automovilistas salieran da\u00f1ados.<\/p>\n<p>Al tiempo que personal del Heroico Cuerpo de Bomberos de Veracruz realizaba las maniobras pertinentes para sofocar las llamas y controlar el siniestro.<\/p>\n<p>Hasta el momento no se ha dado un monto estimado de las p\u00e9rdidas materiales, aunque podr\u00edan ser cuantiosas ya que todos los veh\u00edculos quedaron calcinados en su totalidad, de la misma manera est\u00e1 bajo investigaci\u00f3n el motivo por el cual inici\u00f3 el incendio.<\/p>\n<p><img loading=\"lazy\" decoding=\"async\" class=\"aligncenter size-medium wp-image-71455\" src=\"https:\/\/encuentroinformativo.com.mx\/wp-content\/uploads\/2025\/10\/IMG-20251001-WA0034-300x225.jpg\" alt=\"\" width=\"300\" height=\"225\" srcset=\"https:\/\/encuentroinformativo.com.mx\/wp-content\/uploads\/2025\/10\/IMG-20251001-WA0034-300x225.jpg 300w, https:\/\/encuentroinformativo.com.mx\/wp-content\/uploads\/2025\/10\/IMG-20251001-WA0034-1024x768.jpg 1024w, https:\/\/encuentroinformativo.com.mx\/wp-content\/uploads\/2025\/10\/IMG-20251001-WA0034-768x576.jpg 768w, https:\/\/encuentroinformativo.com.mx\/wp-content\/uploads\/2025\/10\/IMG-20251001-WA0034-1536x1152.jpg 1536w, https:\/\/encuentroinformativo.com.mx\/wp-content\/uploads\/2025\/10\/IMG-20251001-WA0034.jpg 1600w\" sizes=\"auto, (max-width: 300px) 100vw, 300px\" \/><\/p>\n","protected":false},"excerpt":{"rendered":"<p>Alejandro \u00c1vila Veracruz, Ver.- Una fuerte movilizaci\u00f3n de los cuerpos de emergencia se suscit\u00f3 la noche de este martes 30 de septiembre tras el reporte de incendio de un tr\u00e1iler nodriza en la carretera federal Veracruz &#8211; Xalapa, a la altura de la localidad de Santa Fe. Elementos de la Guardia Nacional divisi\u00f3n Caminos acudieron [&hellip;]<\/p>\n","protected":false},"author":2476,"featured_media":71454,"comment_status":"open","ping_status":"open","sticky":false,"template":"","format":"standard","meta":{"_jetpack_memberships_contains_paid_content":false,"footnotes":""},"categories":[2],"tags":[],"class_list":["post-71453","post","type-post","status-publish","format-standard","has-post-thumbnail","hentry","category-estado"],"jetpack_featured_media_url":"https:\/\/encuentroinformativo.com.mx\/wp-content\/uploads\/2025\/10\/IMG-20251001-WA0035.jpg","jetpack_sharing_enabled":true,"jetpack_likes_enabled":true,"amp_enabled":true,"_links":{"self":[{"href":"https:\/\/encuentroinformativo.com.mx\/index.php?rest_route=\/wp\/v2\/posts\/71453","targetHints":{"allow":["GET"]}}],"collection":[{"href":"https:\/\/encuentroinformativo.com.mx\/index.php?rest_route=\/wp\/v2\/posts"}],"about":[{"href":"https:\/\/encuentroinformativo.com.mx\/index.php?rest_route=\/wp\/v2\/types\/post"}],"author":[{"embeddable":true,"href":"https:\/\/encuentroinformativo.com.mx\/index.php?rest_route=\/wp\/v2\/users\/2476"}],"replies":[{"embeddable":true,"href":"https:\/\/encuentroinformativo.com.mx\/index.php?rest_route=%2Fwp%2Fv2%2Fcomments&post=71453"}],"version-history":[{"count":1,"href":"https:\/\/encuentroinformativo.com.mx\/index.php?rest_route=\/wp\/v2\/posts\/71453\/revisions"}],"predecessor-version":[{"id":71456,"href":"https:\/\/encuentroinformativo.com.mx\/index.php?rest_route=\/wp\/v2\/posts\/71453\/revisions\/71456"}],"wp:featuredmedia":[{"embeddable":true,"href":"https:\/\/encuentroinformativo.com.mx\/index.php?rest_route=\/wp\/v2\/media\/71454"}],"wp:attachment":[{"href":"https:\/\/encuentroinformativo.com.mx\/index.php?rest_route=%2Fwp%2Fv2%2Fmedia&parent=71453"}],"wp:term":[{"taxonomy":"category","embeddable":true,"href":"https:\/\/encuentroinformativo.com.mx\/index.php?rest_route=%2Fwp%2Fv2%2Fcategories&post=71453"},{"taxonomy":"post_tag","embeddable":true,"href":"https:\/\/encuentroinformativo.com.mx\/index.php?rest_route=%2Fwp%2Fv2%2Ftags&post=71453"}],"curies":[{"name":"wp","href":"https:\/\/api.w.org\/{rel}","templated":true}]}}