{"id":71457,"date":"2025-10-01T13:49:52","date_gmt":"2025-10-01T19:49:52","guid":{"rendered":"https:\/\/encuentroinformativo.com.mx\/?p=71457"},"modified":"2025-10-01T13:49:52","modified_gmt":"2025-10-01T19:49:52","slug":"mujeres-temen-por-su-vida-tras-ser-encanonadas-por-un-ex-politico-jarocho","status":"publish","type":"post","link":"https:\/\/encuentroinformativo.com.mx\/?p=71457","title":{"rendered":"Mujeres temen por su vida tras ser enca\u00f1onadas por un ex pol\u00edtico jarocho"},"content":{"rendered":"<p><strong>Alejandro \u00c1vila<\/strong><\/p>\n<p>Veracruz, Ver.- Antonio del R\u00edo Argud\u00edn, ex dirigente del PRD en Veracruz fue denunciado ante la Fiscal\u00eda General del Estado por amenazar de muerte a una familia y enca\u00f1onar a una mujer, por lo cual las v\u00edctimas piden por su seguridad.<\/p>\n<p>Edna Ruiz Herrera, una de las agredidas, dio a conocer que, el pasado 25 de septiembre el perredista choc\u00f3 con unas macetas que los vecinos colocaron para evitar el paso de veh\u00edculos pesados en el fraccionamiento Residencial del Bosque.<\/p>\n<p>Luego del accidente del R\u00edo Argud\u00edn responsabiliz\u00f3 a los vecinos y les amenaz\u00f3 argumentando que \u00e9l es una persona muy influyente y por lo cual deb\u00edan responder por los da\u00f1os a su camioneta.<\/p>\n<p>Posteriormente sac\u00f3 una pistola y enca\u00f1on\u00f3 a dos mujeres y a un hombre, amenazandolos que los iba a \u201clevantar\u201d y a matar.<\/p>\n<p>\u201cMe amenaz\u00f3 con arma fuego afuera de mi domicilio, y pues honestamente tengo mucho temor porque se puso muy violento cuando gener\u00f3 sus amenazas y la raz\u00f3n fue una tonter\u00eda\u201d, expres\u00f3 la mujer.<\/p>\n<p>A\u00f1adi\u00f3 que ha solicitado protecci\u00f3n y que se implementen medidas necesarias para que dicha persona no tenga acceso a su familia y puedan repetirse las amenazas o incluso ocurrir una tragedia.<\/p>\n","protected":false},"excerpt":{"rendered":"<p>Alejandro \u00c1vila Veracruz, Ver.- Antonio del R\u00edo Argud\u00edn, ex dirigente del PRD en Veracruz fue denunciado ante la Fiscal\u00eda General del Estado por amenazar de muerte a una familia y enca\u00f1onar a una mujer, por lo cual las v\u00edctimas piden por su seguridad. Edna Ruiz Herrera, una de las agredidas, dio a conocer que, el [&hellip;]<\/p>\n","protected":false},"author":2476,"featured_media":71458,"comment_status":"open","ping_status":"open","sticky":false,"template":"","format":"standard","meta":{"_jetpack_memberships_contains_paid_content":false,"footnotes":""},"categories":[2],"tags":[],"class_list":["post-71457","post","type-post","status-publish","format-standard","has-post-thumbnail","hentry","category-estado"],"jetpack_featured_media_url":"https:\/\/encuentroinformativo.com.mx\/wp-content\/uploads\/2025\/10\/IMG-20251001-WA01242.jpg","jetpack_sharing_enabled":true,"jetpack_likes_enabled":true,"amp_enabled":true,"_links":{"self":[{"href":"https:\/\/encuentroinformativo.com.mx\/index.php?rest_route=\/wp\/v2\/posts\/71457","targetHints":{"allow":["GET"]}}],"collection":[{"href":"https:\/\/encuentroinformativo.com.mx\/index.php?rest_route=\/wp\/v2\/posts"}],"about":[{"href":"https:\/\/encuentroinformativo.com.mx\/index.php?rest_route=\/wp\/v2\/types\/post"}],"author":[{"embeddable":true,"href":"https:\/\/encuentroinformativo.com.mx\/index.php?rest_route=\/wp\/v2\/users\/2476"}],"replies":[{"embeddable":true,"href":"https:\/\/encuentroinformativo.com.mx\/index.php?rest_route=%2Fwp%2Fv2%2Fcomments&post=71457"}],"version-history":[{"count":1,"href":"https:\/\/encuentroinformativo.com.mx\/index.php?rest_route=\/wp\/v2\/posts\/71457\/revisions"}],"predecessor-version":[{"id":71459,"href":"https:\/\/encuentroinformativo.com.mx\/index.php?rest_route=\/wp\/v2\/posts\/71457\/revisions\/71459"}],"wp:featuredmedia":[{"embeddable":true,"href":"https:\/\/encuentroinformativo.com.mx\/index.php?rest_route=\/wp\/v2\/media\/71458"}],"wp:attachment":[{"href":"https:\/\/encuentroinformativo.com.mx\/index.php?rest_route=%2Fwp%2Fv2%2Fmedia&parent=71457"}],"wp:term":[{"taxonomy":"category","embeddable":true,"href":"https:\/\/encuentroinformativo.com.mx\/index.php?rest_route=%2Fwp%2Fv2%2Fcategories&post=71457"},{"taxonomy":"post_tag","embeddable":true,"href":"https:\/\/encuentroinformativo.com.mx\/index.php?rest_route=%2Fwp%2Fv2%2Ftags&post=71457"}],"curies":[{"name":"wp","href":"https:\/\/api.w.org\/{rel}","templated":true}]}}