{"id":71460,"date":"2025-10-01T14:21:06","date_gmt":"2025-10-01T20:21:06","guid":{"rendered":"https:\/\/encuentroinformativo.com.mx\/?p=71460"},"modified":"2025-10-01T14:21:06","modified_gmt":"2025-10-01T20:21:06","slug":"se-registro-incendio-y-perdida-total-de-vivienda-en-alvarado","status":"publish","type":"post","link":"https:\/\/encuentroinformativo.com.mx\/?p=71460","title":{"rendered":"Se registr\u00f3 incendio y p\u00e9rdida total de vivienda en Alvarado"},"content":{"rendered":"<p><strong>Alejandro \u00c1vila<\/strong><\/p>\n<p>Alvarado, Ver.- Un incendio arras\u00f3 con la totalidad de una vivienda en el barrio de Bel\u00e9n ubicado en la cabecera municipal de Alvarado la ma\u00f1ana de este mi\u00e9rcoles 1 de octubre.<\/p>\n<p>Al sitio acudieron elementos de Protecci\u00f3n Civil de Alvarado como primero respondientes, quienes hicieron sinergia con el escuadr\u00f3n de Bomberos para sofocar el siniestro.<\/p>\n<p>Con las unidad 182 contra incendios tipo cisterna y 207 de ataque r\u00e1pido, los matafuegos iniciaron con las labores para sofocar las llamas; afortunadamente no se present\u00f3 ninguna persona lesionada, pero la vivienda result\u00f3 con da\u00f1o severos y fue declarada como p\u00e9rdida total.<\/p>\n<p>Vecinos indicaron que el due\u00f1o de la vivienda se encontraba en su trabajo, por lo cual hasta el momento se desconoce el motivo por el que inici\u00f3 el fuego.<\/p>\n","protected":false},"excerpt":{"rendered":"<p>Alejandro \u00c1vila Alvarado, Ver.- Un incendio arras\u00f3 con la totalidad de una vivienda en el barrio de Bel\u00e9n ubicado en la cabecera municipal de Alvarado la ma\u00f1ana de este mi\u00e9rcoles 1 de octubre. Al sitio acudieron elementos de Protecci\u00f3n Civil de Alvarado como primero respondientes, quienes hicieron sinergia con el escuadr\u00f3n de Bomberos para sofocar [&hellip;]<\/p>\n","protected":false},"author":2476,"featured_media":71461,"comment_status":"open","ping_status":"open","sticky":false,"template":"","format":"standard","meta":{"_jetpack_memberships_contains_paid_content":false,"footnotes":""},"categories":[2],"tags":[],"class_list":["post-71460","post","type-post","status-publish","format-standard","has-post-thumbnail","hentry","category-estado"],"jetpack_featured_media_url":"https:\/\/encuentroinformativo.com.mx\/wp-content\/uploads\/2025\/10\/IMG-20251001-WA0112.jpg","jetpack_sharing_enabled":true,"jetpack_likes_enabled":true,"amp_enabled":true,"_links":{"self":[{"href":"https:\/\/encuentroinformativo.com.mx\/index.php?rest_route=\/wp\/v2\/posts\/71460","targetHints":{"allow":["GET"]}}],"collection":[{"href":"https:\/\/encuentroinformativo.com.mx\/index.php?rest_route=\/wp\/v2\/posts"}],"about":[{"href":"https:\/\/encuentroinformativo.com.mx\/index.php?rest_route=\/wp\/v2\/types\/post"}],"author":[{"embeddable":true,"href":"https:\/\/encuentroinformativo.com.mx\/index.php?rest_route=\/wp\/v2\/users\/2476"}],"replies":[{"embeddable":true,"href":"https:\/\/encuentroinformativo.com.mx\/index.php?rest_route=%2Fwp%2Fv2%2Fcomments&post=71460"}],"version-history":[{"count":2,"href":"https:\/\/encuentroinformativo.com.mx\/index.php?rest_route=\/wp\/v2\/posts\/71460\/revisions"}],"predecessor-version":[{"id":71463,"href":"https:\/\/encuentroinformativo.com.mx\/index.php?rest_route=\/wp\/v2\/posts\/71460\/revisions\/71463"}],"wp:featuredmedia":[{"embeddable":true,"href":"https:\/\/encuentroinformativo.com.mx\/index.php?rest_route=\/wp\/v2\/media\/71461"}],"wp:attachment":[{"href":"https:\/\/encuentroinformativo.com.mx\/index.php?rest_route=%2Fwp%2Fv2%2Fmedia&parent=71460"}],"wp:term":[{"taxonomy":"category","embeddable":true,"href":"https:\/\/encuentroinformativo.com.mx\/index.php?rest_route=%2Fwp%2Fv2%2Fcategories&post=71460"},{"taxonomy":"post_tag","embeddable":true,"href":"https:\/\/encuentroinformativo.com.mx\/index.php?rest_route=%2Fwp%2Fv2%2Ftags&post=71460"}],"curies":[{"name":"wp","href":"https:\/\/api.w.org\/{rel}","templated":true}]}}