{"id":71466,"date":"2025-10-01T14:51:21","date_gmt":"2025-10-01T20:51:21","guid":{"rendered":"https:\/\/encuentroinformativo.com.mx\/?p=71466"},"modified":"2025-10-01T14:51:21","modified_gmt":"2025-10-01T20:51:21","slug":"padres-reclaman-docentes-para-telesecundaria-de-el-castillo","status":"publish","type":"post","link":"https:\/\/encuentroinformativo.com.mx\/?p=71466","title":{"rendered":"Padres reclaman docentes para Telesecundaria de El Castillo"},"content":{"rendered":"<p><strong>Dar\u00edo Pale<\/strong><\/p>\n<p>Xalapa, Ver.- Padres de familia de la escuela telesecundaria Jos\u00e9 Vasconcelos de El Castillo, bloquearon la avenida Antonio Chedraui Caram para exigir la asignaci\u00f3n de dos maestros que hacen falta en la instituci\u00f3n.<\/p>\n<p>Claudia Yadira Ram\u00edrez madre de familia dijo que la falta de personal docente ha generado problemas de sobrecupo en los salones de clase, ya que algunos estudiantes han tenido que ser reubicados en otros grupos.<\/p>\n<p>Los padres de familia solicitan que la Secretar\u00eda de Educaci\u00f3n agilice la asignaci\u00f3n de los dos maestros que fueron prometidos hace cuatro meses, tambi\u00e9n expresaron su preocupaci\u00f3n por la posibilidad de que se designe a la directora de la escuela como maestra, lo que consideran no es una soluci\u00f3n viable.<\/p>\n<p>\u201cEntonces estamos haciendo una petici\u00f3n a la maestra Claudia Tello, secretaria de educaci\u00f3n, pues que agilice, porque ahorita lo que quieren hacer es mandarnos a una directora para que el director se pase de maestro y pues no tiene caso\u201d, se\u00f1al\u00f3.<\/p>\n<p>La escuela telesecundaria Jos\u00e9 Vasconcelos de El Castillo cuenta con aproximadamente 60 alumnos afectados por la falta de maestros, por lo que los padres de familia han buscado el apoyo de un diputado local para resolver la situaci\u00f3n.<\/p>\n<p>Por \u00faltimo los padres de familia esperan que la Secretar\u00eda de Educaci\u00f3n d\u00e9 una respuesta favorable a su petici\u00f3n y resuelva la situaci\u00f3n de la falta de maestros en la escuela.<\/p>\n","protected":false},"excerpt":{"rendered":"<p>Dar\u00edo Pale Xalapa, Ver.- Padres de familia de la escuela telesecundaria Jos\u00e9 Vasconcelos de El Castillo, bloquearon la avenida Antonio Chedraui Caram para exigir la asignaci\u00f3n de dos maestros que hacen falta en la instituci\u00f3n. Claudia Yadira Ram\u00edrez madre de familia dijo que la falta de personal docente ha generado problemas de sobrecupo en los [&hellip;]<\/p>\n","protected":false},"author":2476,"featured_media":71467,"comment_status":"open","ping_status":"open","sticky":false,"template":"","format":"standard","meta":{"_jetpack_memberships_contains_paid_content":false,"footnotes":""},"categories":[8],"tags":[],"class_list":["post-71466","post","type-post","status-publish","format-standard","has-post-thumbnail","hentry","category-region"],"jetpack_featured_media_url":"https:\/\/encuentroinformativo.com.mx\/wp-content\/uploads\/2025\/10\/IMG-20251001-WA0091.jpg","jetpack_sharing_enabled":true,"jetpack_likes_enabled":true,"amp_enabled":true,"_links":{"self":[{"href":"https:\/\/encuentroinformativo.com.mx\/index.php?rest_route=\/wp\/v2\/posts\/71466","targetHints":{"allow":["GET"]}}],"collection":[{"href":"https:\/\/encuentroinformativo.com.mx\/index.php?rest_route=\/wp\/v2\/posts"}],"about":[{"href":"https:\/\/encuentroinformativo.com.mx\/index.php?rest_route=\/wp\/v2\/types\/post"}],"author":[{"embeddable":true,"href":"https:\/\/encuentroinformativo.com.mx\/index.php?rest_route=\/wp\/v2\/users\/2476"}],"replies":[{"embeddable":true,"href":"https:\/\/encuentroinformativo.com.mx\/index.php?rest_route=%2Fwp%2Fv2%2Fcomments&post=71466"}],"version-history":[{"count":1,"href":"https:\/\/encuentroinformativo.com.mx\/index.php?rest_route=\/wp\/v2\/posts\/71466\/revisions"}],"predecessor-version":[{"id":71468,"href":"https:\/\/encuentroinformativo.com.mx\/index.php?rest_route=\/wp\/v2\/posts\/71466\/revisions\/71468"}],"wp:featuredmedia":[{"embeddable":true,"href":"https:\/\/encuentroinformativo.com.mx\/index.php?rest_route=\/wp\/v2\/media\/71467"}],"wp:attachment":[{"href":"https:\/\/encuentroinformativo.com.mx\/index.php?rest_route=%2Fwp%2Fv2%2Fmedia&parent=71466"}],"wp:term":[{"taxonomy":"category","embeddable":true,"href":"https:\/\/encuentroinformativo.com.mx\/index.php?rest_route=%2Fwp%2Fv2%2Fcategories&post=71466"},{"taxonomy":"post_tag","embeddable":true,"href":"https:\/\/encuentroinformativo.com.mx\/index.php?rest_route=%2Fwp%2Fv2%2Ftags&post=71466"}],"curies":[{"name":"wp","href":"https:\/\/api.w.org\/{rel}","templated":true}]}}