{"id":7148,"date":"2020-10-21T11:59:30","date_gmt":"2020-10-21T16:59:30","guid":{"rendered":"https:\/\/encuentroinformativo.com.mx\/?p=7148"},"modified":"2020-10-21T11:59:33","modified_gmt":"2020-10-21T16:59:33","slug":"suspenden-festejos-por-dia-de-muertos-en-coatepec","status":"publish","type":"post","link":"https:\/\/encuentroinformativo.com.mx\/?p=7148","title":{"rendered":"Suspenden festejos por D\u00eda de Muertos en Coatepec"},"content":{"rendered":"\n<p><strong>Juan Arcos<\/strong> <\/p>\n\n\n\n<p>Coatepec, Ver.- El Cabildo de Coatepec acord\u00f3 suspender los festejos del D\u00eda de Muertos y el cierre del pante\u00f3n municipal, para evitar aglomeraciones y la propagaci\u00f3n del SARS-COV-2 (COVID-19).<\/p>\n\n\n\n<p>El regidor tercero Jorge Ignacio Luna Hern\u00e1ndez detall\u00f3 que este a\u00f1o no ser\u00e1 instalado el arco floral en el pante\u00f3n municipal.<\/p>\n\n\n\n<p>\u201cAcordamos que los panteones del municipio van a permanecer cerrados y esto incluye al pante\u00f3n municipal, no se va a permitir el acceso a las personas por la pandemia para evitar una mayor propagaci\u00f3n del coronavirus\u201d.<\/p>\n\n\n\n<p>El pante\u00f3n municipal permanecer\u00e1 cerrado del 31 de octubre al 2 de noviembre, donde tambi\u00e9n estar\u00e1 prohibida la instalaci\u00f3n de vendedores de flores y coronas.<\/p>\n\n\n\n<p>El edil indic\u00f3 que tambi\u00e9n se acord\u00f3 permitir la instalaci\u00f3n de comerciantes de flores, pan de muerto y otros art\u00edculos, propios de dicha celebraci\u00f3n, frente al mercado Miguel Rebolledo.<\/p>\n\n\n\n<p>\u201cSe va a permitir siempre y cuando se respete la sana distancia, se respeten todas las medidas sanitarias, que ha dictado la autoridad federal, estatal y municipal en cada \u00e1mbito de su competencia, como son el uso de cubrebocas, la aplicaci\u00f3n de gel antibacterial y la sana distancia\u201d.<\/p>\n\n\n\n<p>Luna Hern\u00e1ndez record\u00f3 que los comerciantes deber\u00e1n cubrir el pago que establece el C\u00f3digo Hacendario en su art\u00edculo 249, para instalarse en dicha zona del Pueblo M\u00e1gico.<\/p>\n\n\n\n<p>\u201cEst\u00e1s son las medidas generales que est\u00e1 tomando el ayuntamiento de Coatepec respecto a las pr\u00f3ximas fechas de D\u00eda de Muertos, que sabemos que a\u00f1o tras a\u00f1o existen grandes aglomeraciones de gente\u201d, remat\u00f3.<\/p>\n","protected":false},"excerpt":{"rendered":"<p>Juan Arcos Coatepec, Ver.- El Cabildo de Coatepec acord\u00f3 suspender los festejos del D\u00eda de Muertos y el cierre del pante\u00f3n municipal, para evitar aglomeraciones y la propagaci\u00f3n del SARS-COV-2 (COVID-19). El regidor tercero Jorge Ignacio Luna Hern\u00e1ndez detall\u00f3 que este a\u00f1o no ser\u00e1 instalado el arco floral en el pante\u00f3n municipal. \u201cAcordamos que los [&hellip;]<\/p>\n","protected":false},"author":1,"featured_media":7149,"comment_status":"open","ping_status":"open","sticky":false,"template":"","format":"standard","meta":{"_jetpack_memberships_contains_paid_content":false,"footnotes":""},"categories":[8],"tags":[],"class_list":["post-7148","post","type-post","status-publish","format-standard","has-post-thumbnail","hentry","category-region"],"jetpack_featured_media_url":"https:\/\/encuentroinformativo.com.mx\/wp-content\/uploads\/2020\/10\/D95B71DD-E052-4718-A41C-A36DF127B9F5.jpeg","jetpack_sharing_enabled":true,"jetpack_likes_enabled":true,"amp_enabled":true,"_links":{"self":[{"href":"https:\/\/encuentroinformativo.com.mx\/index.php?rest_route=\/wp\/v2\/posts\/7148","targetHints":{"allow":["GET"]}}],"collection":[{"href":"https:\/\/encuentroinformativo.com.mx\/index.php?rest_route=\/wp\/v2\/posts"}],"about":[{"href":"https:\/\/encuentroinformativo.com.mx\/index.php?rest_route=\/wp\/v2\/types\/post"}],"author":[{"embeddable":true,"href":"https:\/\/encuentroinformativo.com.mx\/index.php?rest_route=\/wp\/v2\/users\/1"}],"replies":[{"embeddable":true,"href":"https:\/\/encuentroinformativo.com.mx\/index.php?rest_route=%2Fwp%2Fv2%2Fcomments&post=7148"}],"version-history":[{"count":1,"href":"https:\/\/encuentroinformativo.com.mx\/index.php?rest_route=\/wp\/v2\/posts\/7148\/revisions"}],"predecessor-version":[{"id":7150,"href":"https:\/\/encuentroinformativo.com.mx\/index.php?rest_route=\/wp\/v2\/posts\/7148\/revisions\/7150"}],"wp:featuredmedia":[{"embeddable":true,"href":"https:\/\/encuentroinformativo.com.mx\/index.php?rest_route=\/wp\/v2\/media\/7149"}],"wp:attachment":[{"href":"https:\/\/encuentroinformativo.com.mx\/index.php?rest_route=%2Fwp%2Fv2%2Fmedia&parent=7148"}],"wp:term":[{"taxonomy":"category","embeddable":true,"href":"https:\/\/encuentroinformativo.com.mx\/index.php?rest_route=%2Fwp%2Fv2%2Fcategories&post=7148"},{"taxonomy":"post_tag","embeddable":true,"href":"https:\/\/encuentroinformativo.com.mx\/index.php?rest_route=%2Fwp%2Fv2%2Ftags&post=7148"}],"curies":[{"name":"wp","href":"https:\/\/api.w.org\/{rel}","templated":true}]}}