{"id":71492,"date":"2025-10-02T11:43:15","date_gmt":"2025-10-02T17:43:15","guid":{"rendered":"https:\/\/encuentroinformativo.com.mx\/?p=71492"},"modified":"2025-10-02T11:43:15","modified_gmt":"2025-10-02T17:43:15","slug":"destaca-poder-judicial-avances-del-programa-veracruzana-protegida","status":"publish","type":"post","link":"https:\/\/encuentroinformativo.com.mx\/?p=71492","title":{"rendered":"Destaca Poder Judicial avances del programa Veracruzana Protegida"},"content":{"rendered":"<p><strong>Dar\u00edo Pale<\/strong><\/p>\n<p>Xalapa, Ver.- La presidenta del Poder Judicial de Veracruz, Rosalba Hern\u00e1ndez Hern\u00e1ndez, ha destacado los avances en la implementaci\u00f3n de programas de seguridad y justicia en el estado. Uno de los programas destacados es el de &#8220;Veracruzana Protegida&#8221;, que busca brindar protecci\u00f3n y apoyo a las mujeres v\u00edctimas de violencia.<\/p>\n<p>El Poder Judicial de Veracruz trabaja en coordinaci\u00f3n con la Secretar\u00eda de Seguridad P\u00fablica y el Centro de Justicia para Mujeres para brindar atenci\u00f3n y protecci\u00f3n a las v\u00edctimas de violencia, el programa &#8220;Veracruzana Protegida&#8221; ha recibido m\u00e1s de mil peticiones y ha canalizado casos de violencia dom\u00e9stica y familiar.<\/p>\n<p>\u201cHay m\u00e1s de mil peticiones que se han estado canalizando, justo creo que tambi\u00e9n la gobernadora lo informaba antier y ayer tambi\u00e9n en la mesa de seguridad, la mesa ciudadana de seguridad, el trabajo que se est\u00e1 realizando de manera coordinada con la Secretar\u00eda de Seguridad P\u00fablica a trav\u00e9s del 911 y tambi\u00e9n con el Centro de Justicia para Mujeres, espec\u00edficamente\u201d, se\u00f1al\u00f3.<\/p>\n<p>\u201cEl trabajo que se est\u00e1 realizando a trav\u00e9s del CEJUM, pues se est\u00e1 trabajando hasta ahorita de manera coordinada, no ha habido mayores incidencias m\u00e1s que evidentemente las llamadas que salen y las \u00f3rdenes que se realizan a trav\u00e9s del Poder Judicial y que, bueno, se realizan a trav\u00e9s de las diferentes instituciones, Seguridad P\u00fablica, Fiscal\u00eda General del Estado, Centro de Justicia de las Mujeres y del Poder Judicial del Estado de Veracruz\u201d, agreg\u00f3.<\/p>\n<p>El convenio de colaboraci\u00f3n con OXXO busca incorporar m\u00e1s tiendas al programa de seguridad y protecci\u00f3n, la idea es extender el programa a todo el estado de Veracruz y se espera que se incorporen otras franquicias y tiendas que tengan sistemas de seguridad.<\/p>\n<p>\u201cJustamente esa es una de las iniciativas, pero es una iniciativa incluso del Ejecutivo, donde, les digo, participa el Poder Judicial y se ha anunciado que pr\u00f3ximamente se van a incorporar y la idea es que se incorporen todos los socios que hay en la entidad\u201d, coment\u00f3.<\/p>\n<p>\u201cSon pocos, son de algunas regiones, nada m\u00e1s de Veracruz. Ustedes seguramente escucharon cuando se hizo el convenio de colaboraci\u00f3n, son de algunas ciudades, pero hay OXXOs en todo el estado de Veracruz y creo que la idea es esa, que se puede extender a todo el estado de Veracruz\u201d, acot\u00f3.<\/p>\n<p>La mayor\u00eda de los casos atendidos son de violencia dom\u00e9stica y familiar, y se est\u00e1 trabajando de manera conjunta con la Secretar\u00eda de Educaci\u00f3n y otras instituciones del Estado, se ha detectado que en muchos casos de violencia dom\u00e9stica, las personas de la infancia y la adolescencia son afectadas directa o indirectamente.<\/p>\n<p>\u201cEl tema de todo es de violencia dom\u00e9stica, de familiares en general y de esposos y eso es un tema justamente en el que se est\u00e1 trabajando de manera conjunta, de familiar, hay una cruzada nacional tambi\u00e9n con la Cartilla de los Derechos de la Mujer en la que tambi\u00e9n nosotros estamos participando porque es un trabajo interinstitucional, no se puede hacer de manera aislada y que se est\u00e1 haciendo ahora tambi\u00e9n con la Secretar\u00eda de Educaci\u00f3n de Veracruz y con varias instituciones del Estado\u201d, dijo en entrevista.<\/p>\n<p>El Poder Judicial de Veracruz prioriza la protecci\u00f3n de la infancia y la adolescencia en casos de violencia dom\u00e9stica y familiar, se est\u00e1n tomando medidas para garantizar la seguridad y el bienestar de las personas de la infancia y la adolescencia en situaciones de violencia.<\/p>\n<p>Finalmente coment\u00f3 que, \u201cen casi todos los asuntos de violencia dom\u00e9stica, desafortunadamente el da\u00f1o colateral o a veces el da\u00f1o directo hacia las personas de la infancia, por eso las medidas de protecci\u00f3n incluyen acciones justamente sobre protecci\u00f3n de ni\u00f1as, ni\u00f1os y adolescentes, inter\u00e9s superior de las personas de la infancia y de la adolescencia\u201d.<\/p>\n","protected":false},"excerpt":{"rendered":"<p>Dar\u00edo Pale Xalapa, Ver.- La presidenta del Poder Judicial de Veracruz, Rosalba Hern\u00e1ndez Hern\u00e1ndez, ha destacado los avances en la implementaci\u00f3n de programas de seguridad y justicia en el estado. Uno de los programas destacados es el de &#8220;Veracruzana Protegida&#8221;, que busca brindar protecci\u00f3n y apoyo a las mujeres v\u00edctimas de violencia. El Poder Judicial [&hellip;]<\/p>\n","protected":false},"author":2476,"featured_media":71493,"comment_status":"open","ping_status":"open","sticky":false,"template":"","format":"standard","meta":{"_jetpack_memberships_contains_paid_content":false,"footnotes":""},"categories":[2],"tags":[],"class_list":["post-71492","post","type-post","status-publish","format-standard","has-post-thumbnail","hentry","category-estado"],"jetpack_featured_media_url":"https:\/\/encuentroinformativo.com.mx\/wp-content\/uploads\/2025\/10\/IMG-20251002-WA0070.jpg","jetpack_sharing_enabled":true,"jetpack_likes_enabled":true,"amp_enabled":true,"_links":{"self":[{"href":"https:\/\/encuentroinformativo.com.mx\/index.php?rest_route=\/wp\/v2\/posts\/71492","targetHints":{"allow":["GET"]}}],"collection":[{"href":"https:\/\/encuentroinformativo.com.mx\/index.php?rest_route=\/wp\/v2\/posts"}],"about":[{"href":"https:\/\/encuentroinformativo.com.mx\/index.php?rest_route=\/wp\/v2\/types\/post"}],"author":[{"embeddable":true,"href":"https:\/\/encuentroinformativo.com.mx\/index.php?rest_route=\/wp\/v2\/users\/2476"}],"replies":[{"embeddable":true,"href":"https:\/\/encuentroinformativo.com.mx\/index.php?rest_route=%2Fwp%2Fv2%2Fcomments&post=71492"}],"version-history":[{"count":1,"href":"https:\/\/encuentroinformativo.com.mx\/index.php?rest_route=\/wp\/v2\/posts\/71492\/revisions"}],"predecessor-version":[{"id":71494,"href":"https:\/\/encuentroinformativo.com.mx\/index.php?rest_route=\/wp\/v2\/posts\/71492\/revisions\/71494"}],"wp:featuredmedia":[{"embeddable":true,"href":"https:\/\/encuentroinformativo.com.mx\/index.php?rest_route=\/wp\/v2\/media\/71493"}],"wp:attachment":[{"href":"https:\/\/encuentroinformativo.com.mx\/index.php?rest_route=%2Fwp%2Fv2%2Fmedia&parent=71492"}],"wp:term":[{"taxonomy":"category","embeddable":true,"href":"https:\/\/encuentroinformativo.com.mx\/index.php?rest_route=%2Fwp%2Fv2%2Fcategories&post=71492"},{"taxonomy":"post_tag","embeddable":true,"href":"https:\/\/encuentroinformativo.com.mx\/index.php?rest_route=%2Fwp%2Fv2%2Ftags&post=71492"}],"curies":[{"name":"wp","href":"https:\/\/api.w.org\/{rel}","templated":true}]}}