{"id":71509,"date":"2025-10-02T13:21:21","date_gmt":"2025-10-02T19:21:21","guid":{"rendered":"https:\/\/encuentroinformativo.com.mx\/?p=71509"},"modified":"2025-10-02T13:21:21","modified_gmt":"2025-10-02T19:21:21","slug":"earth-mission-veracruz-atiende-a-coyote-atropellado-en-alvarado","status":"publish","type":"post","link":"https:\/\/encuentroinformativo.com.mx\/?p=71509","title":{"rendered":"Earth Mission Veracruz atiende a coyote atropellado en Alvarado"},"content":{"rendered":"<p><strong>Alejandro \u00c1vila<\/strong><\/p>\n<p>Veracruz, Ver.- Sergio Gonz\u00e1lez Ram\u00edrez, titular de Earth Mission Veracruz, dio a conocer a trav\u00e9s de sus redes sociales que la ma\u00f1ana de este jueves 2 de octubre un ejemplar de coyote fue atropellado en el bulevard de la Riviera Veracruzana perteneciente al municipio de Alvarado, por lo cual inici\u00f3 con las atenciones pertinentes.<\/p>\n<p>De forma preliminar se reporta que el coyote presenta columna fracturada, cadera dislocada, sin sangrado, lo cual genera un fuerte dolor en el animal.<\/p>\n<p>El activista se\u00f1al\u00f3 que el accidente se debe a que en la zona no hay pasos de fauna que permitan a los animales silvestres atravesar de forma segura la carretera que existe.<\/p>\n<p>Expres\u00f3 que no ha existido voluntad pol\u00edtica por parte de las autoridades para solucionar este problema a pesar de que es una situaci\u00f3n que se viene arrastrando desde hace muchos a\u00f1os y para lo cual se busca di\u00e1logo con los tres \u00f3rdenes de gobierno.<\/p>\n<p>\u201cEs el problema de siempre, no hay pasos de fauna en toda esta zona y esta historia se repite y se repite y se repite; ese es el aullido de dolor de un animal que ha sido atropellado, un animal de vida silvestre, ese es el dolor que causa el desinter\u00e9s pol\u00edtico\u201d, dijo.<\/p>\n<p>Gonz\u00e1lez Ram\u00edrez dijo que este es al menos el quinto coyote del que se tiene reporte de atropellamiento, adem\u00e1s de que tambi\u00e9n se han presentado hechos en otros animales que habitan en la Riviera.<\/p>\n","protected":false},"excerpt":{"rendered":"<p>Alejandro \u00c1vila Veracruz, Ver.- Sergio Gonz\u00e1lez Ram\u00edrez, titular de Earth Mission Veracruz, dio a conocer a trav\u00e9s de sus redes sociales que la ma\u00f1ana de este jueves 2 de octubre un ejemplar de coyote fue atropellado en el bulevard de la Riviera Veracruzana perteneciente al municipio de Alvarado, por lo cual inici\u00f3 con las atenciones [&hellip;]<\/p>\n","protected":false},"author":2476,"featured_media":71508,"comment_status":"open","ping_status":"open","sticky":false,"template":"","format":"standard","meta":{"_jetpack_memberships_contains_paid_content":false,"footnotes":""},"categories":[2],"tags":[],"class_list":["post-71509","post","type-post","status-publish","format-standard","has-post-thumbnail","hentry","category-estado"],"jetpack_featured_media_url":"https:\/\/encuentroinformativo.com.mx\/wp-content\/uploads\/2025\/10\/IMG_20251002_131607_1300_x_1080_pixel2.jpg","jetpack_sharing_enabled":true,"jetpack_likes_enabled":true,"amp_enabled":true,"_links":{"self":[{"href":"https:\/\/encuentroinformativo.com.mx\/index.php?rest_route=\/wp\/v2\/posts\/71509","targetHints":{"allow":["GET"]}}],"collection":[{"href":"https:\/\/encuentroinformativo.com.mx\/index.php?rest_route=\/wp\/v2\/posts"}],"about":[{"href":"https:\/\/encuentroinformativo.com.mx\/index.php?rest_route=\/wp\/v2\/types\/post"}],"author":[{"embeddable":true,"href":"https:\/\/encuentroinformativo.com.mx\/index.php?rest_route=\/wp\/v2\/users\/2476"}],"replies":[{"embeddable":true,"href":"https:\/\/encuentroinformativo.com.mx\/index.php?rest_route=%2Fwp%2Fv2%2Fcomments&post=71509"}],"version-history":[{"count":1,"href":"https:\/\/encuentroinformativo.com.mx\/index.php?rest_route=\/wp\/v2\/posts\/71509\/revisions"}],"predecessor-version":[{"id":71510,"href":"https:\/\/encuentroinformativo.com.mx\/index.php?rest_route=\/wp\/v2\/posts\/71509\/revisions\/71510"}],"wp:featuredmedia":[{"embeddable":true,"href":"https:\/\/encuentroinformativo.com.mx\/index.php?rest_route=\/wp\/v2\/media\/71508"}],"wp:attachment":[{"href":"https:\/\/encuentroinformativo.com.mx\/index.php?rest_route=%2Fwp%2Fv2%2Fmedia&parent=71509"}],"wp:term":[{"taxonomy":"category","embeddable":true,"href":"https:\/\/encuentroinformativo.com.mx\/index.php?rest_route=%2Fwp%2Fv2%2Fcategories&post=71509"},{"taxonomy":"post_tag","embeddable":true,"href":"https:\/\/encuentroinformativo.com.mx\/index.php?rest_route=%2Fwp%2Fv2%2Ftags&post=71509"}],"curies":[{"name":"wp","href":"https:\/\/api.w.org\/{rel}","templated":true}]}}