{"id":7151,"date":"2020-10-21T12:20:00","date_gmt":"2020-10-21T17:20:00","guid":{"rendered":"https:\/\/encuentroinformativo.com.mx\/?p=7151"},"modified":"2020-10-21T12:20:31","modified_gmt":"2020-10-21T17:20:31","slug":"familia-acusa-detencion-arbitraria-en-alvarado","status":"publish","type":"post","link":"https:\/\/encuentroinformativo.com.mx\/?p=7151","title":{"rendered":"Familia acusa detenci\u00f3n arbitraria en Alvarado"},"content":{"rendered":"\n<p><strong>Alejandro \u00c1vila<\/strong><\/p>\n\n\n\n<p>Alvarado, Ver.- A trav\u00e9s de una transmisi\u00f3n en vivo la madrugada de este mi\u00e9rcoles, la joven Carmen Indira Hern\u00e1ndez Rojas, denunci\u00f3 la detenci\u00f3n arbitraria de su familia en Alvarado, a quien la Polic\u00eda Municipal la acus\u00f3 de transportar huachicol.<\/p>\n\n\n\n<p>En entrevista a primera hora de este mi\u00e9rcoles, Carmen Indira relata que la detenci\u00f3n de su t\u00edo, la esposa de este y de su madre, se dio alrededor de las 15 horas enfrente del hotel Miami, sobre la carretera federal 180 en el tramo que pertenece al municipio de Alvarado, siendo adem\u00e1s una acci\u00f3n ejecutada fuera de su jurisdicci\u00f3n.<\/p>\n\n\n\n<p>\u201cLos detienen, les dicen que que traen en las garrafas, mi t\u00edo les dice que miel de ca\u00f1a, y les dicen que las tienen que revisar porque posiblemente sea huachicol y para que prueben que no es huachichol, pues necesitan un perito experto. Mi t\u00edo les dice que revisen, que efectivamente no es huachichol, que es miel de ca\u00f1a, y les dicen que los van a revisar y que los van a detener. Los bajan del carro, empiezan a forcejear, golpean a mi mam\u00e1, cabe destacar que son polic\u00edas hombres, para esto, si iban a detener a mi mam\u00e1, si iban a detener a mi t\u00edo, por lo menos a ellas que son mujeres debieron haberlas detenido polic\u00edas mujeres\u201d, acus\u00f3.<\/p>\n\n\n\n<p>De manera fortuita, la madre de Carmen Indira logr\u00f3 comunicarse con un familiar que le avis\u00f3 a ella y as\u00ed pudo saber el paradero de su mam\u00e1, quien se encontraba ya en la Comandancia de Polic\u00eda de Alvarado. Al llegar al lugar, ninguna persona quiso dar datos de los sucedido y violando todo protocolo de derechos humanos.<\/p>\n\n\n\n<p>A la familia Hern\u00e1ndez Rojas le dijeron que las tres personas ser\u00edan puestas a disposici\u00f3n de la Fiscal\u00eda Regional, pero al investigar, estos no sab\u00edan nada de la detenci\u00f3n, posteriormente, la Polic\u00eda Municipal se\u00f1alo que los cargos ya no ser\u00edan por transportar presuntamente huachicol, sino por agredir a la autoridad municipal.<\/p>\n\n\n\n<p>Carmen Indira, mencion\u00f3 que su familia es originaria de \u00c1ngel R. Cabada, y se ha dedicado durante muchos a\u00f1os a la venta de miel de ca\u00f1a, la cual en esta ocasi\u00f3n, como en otras, transportaba desde Tierra Blanca, siendo esta la primera vez que tienen un incidente, a pesar de contar con documentos que avalan la compra del producto que ofrecen.<\/p>\n\n\n\n<p>\u201cNos intentamos comunicar con el presidente municipal de Alvarado, \u00e9l dice que va a hacer todo lo posible por resolver y luego, no sabemos nada de \u00e9l, pues marcamos a todas las personas que conocemos y pues toda nuestra familia sabe que mi t\u00edo no es la primera vez que transporta miel de ca\u00f1a\u201d, mencion\u00f3.<\/p>\n\n\n\n<p>Finalmente, Carmen Indira Hern\u00e1ndez Rojas exhort\u00f3 a las autoridades correspondientes a resolver esta situaci\u00f3n que es totalmente arbitraria, adem\u00e1s, hizo responsable a las autoridades, pues su dos de sus familiares deben medicarse constantemente y adem\u00e1s corren el riesgo de contraer COVID-19, pues en la celda no hay las medidas sanitarias pertinentes.<\/p>\n","protected":false},"excerpt":{"rendered":"<p>Alejandro \u00c1vila Alvarado, Ver.- A trav\u00e9s de una transmisi\u00f3n en vivo la madrugada de este mi\u00e9rcoles, la joven Carmen Indira Hern\u00e1ndez Rojas, denunci\u00f3 la detenci\u00f3n arbitraria de su familia en Alvarado, a quien la Polic\u00eda Municipal la acus\u00f3 de transportar huachicol. En entrevista a primera hora de este mi\u00e9rcoles, Carmen Indira relata que la detenci\u00f3n [&hellip;]<\/p>\n","protected":false},"author":1,"featured_media":7152,"comment_status":"open","ping_status":"open","sticky":false,"template":"","format":"standard","meta":{"_jetpack_memberships_contains_paid_content":false,"footnotes":""},"categories":[2],"tags":[],"class_list":["post-7151","post","type-post","status-publish","format-standard","has-post-thumbnail","hentry","category-estado"],"jetpack_featured_media_url":"https:\/\/encuentroinformativo.com.mx\/wp-content\/uploads\/2020\/10\/D5D06612-EB75-46FA-82E1-43916350B63C.jpeg","jetpack_sharing_enabled":true,"jetpack_likes_enabled":true,"amp_enabled":true,"_links":{"self":[{"href":"https:\/\/encuentroinformativo.com.mx\/index.php?rest_route=\/wp\/v2\/posts\/7151","targetHints":{"allow":["GET"]}}],"collection":[{"href":"https:\/\/encuentroinformativo.com.mx\/index.php?rest_route=\/wp\/v2\/posts"}],"about":[{"href":"https:\/\/encuentroinformativo.com.mx\/index.php?rest_route=\/wp\/v2\/types\/post"}],"author":[{"embeddable":true,"href":"https:\/\/encuentroinformativo.com.mx\/index.php?rest_route=\/wp\/v2\/users\/1"}],"replies":[{"embeddable":true,"href":"https:\/\/encuentroinformativo.com.mx\/index.php?rest_route=%2Fwp%2Fv2%2Fcomments&post=7151"}],"version-history":[{"count":1,"href":"https:\/\/encuentroinformativo.com.mx\/index.php?rest_route=\/wp\/v2\/posts\/7151\/revisions"}],"predecessor-version":[{"id":7153,"href":"https:\/\/encuentroinformativo.com.mx\/index.php?rest_route=\/wp\/v2\/posts\/7151\/revisions\/7153"}],"wp:featuredmedia":[{"embeddable":true,"href":"https:\/\/encuentroinformativo.com.mx\/index.php?rest_route=\/wp\/v2\/media\/7152"}],"wp:attachment":[{"href":"https:\/\/encuentroinformativo.com.mx\/index.php?rest_route=%2Fwp%2Fv2%2Fmedia&parent=7151"}],"wp:term":[{"taxonomy":"category","embeddable":true,"href":"https:\/\/encuentroinformativo.com.mx\/index.php?rest_route=%2Fwp%2Fv2%2Fcategories&post=7151"},{"taxonomy":"post_tag","embeddable":true,"href":"https:\/\/encuentroinformativo.com.mx\/index.php?rest_route=%2Fwp%2Fv2%2Ftags&post=7151"}],"curies":[{"name":"wp","href":"https:\/\/api.w.org\/{rel}","templated":true}]}}