{"id":71511,"date":"2025-10-02T14:51:48","date_gmt":"2025-10-02T20:51:48","guid":{"rendered":"https:\/\/encuentroinformativo.com.mx\/?p=71511"},"modified":"2025-10-02T14:51:48","modified_gmt":"2025-10-02T20:51:48","slug":"sin-repunte-de-ocupacion-hotelera-en-la-zona-conurbada-cometur","status":"publish","type":"post","link":"https:\/\/encuentroinformativo.com.mx\/?p=71511","title":{"rendered":"Sin repunte de ocupaci\u00f3n hotelera en la zona conurbada: COMETUR"},"content":{"rendered":"<p><strong>Alejandro \u00c1vila<\/strong><\/p>\n<p>Veracruz, Ver.- El presidente del Consejo Metropolitano de Turismo (COMETUR), Sergio Lois Heredia, neg\u00f3 que haya una ocupaci\u00f3n hotelera al 100% en los hospedajes de la zona conurbada Veracruz &#8211; Boca del R\u00edo por el evento Internacional de Voleibol que se desarrolla a un costado del Foro Boca.<\/p>\n<p>El empresario neg\u00f3 las especulaciones de las dependencias del gobierno estatal quienes manifestaron un incremento en la ocupaci\u00f3n hotelera, y expuso que al igual que el evento de la Marina, la promoci\u00f3n para los visitantes fue pr\u00e1cticamente nula.<\/p>\n<p>&#8220;Pero tal cual que el turismo viaje para los eventos que se van a estar realizando este fin de semana, repito, salvo que hayan sido muy bien promocionados a nivel nacional, que hasta donde tengo entendido no es as\u00ed, pues no tendr\u00edan por qu\u00e9 influir en lo que es el porcentaje de ocupaci\u00f3n. Creo que influyen positivamente para que el turista tenga que hacer en Veracruz, creo que s\u00ed es muy bueno para el turismo, pero en este momento no podemos decir que eso influye en el porcentaje de ocupaci\u00f3n que tendremos este fin de semana&#8221;, subray\u00f3.<\/p>\n<p>Cabe recordar que este fin de semana sobre la playa Vicente Fox en el municipio de Boca del R\u00edo se desarrolla un torneo internacional de voleibol clasificatorio para el mundial que se llevar\u00e1 a cabo en Adelaida en Australia; al tiempo que este s\u00e1bado 4 de octubre se realizar\u00e1n diversas actividades por parte de la Secretar\u00eda de Marina con motivo de su fundaci\u00f3n, donde estar\u00e1 presente la presidenta, Claudia Sheinbaum Pardo.<\/p>\n","protected":false},"excerpt":{"rendered":"<p>Alejandro \u00c1vila Veracruz, Ver.- El presidente del Consejo Metropolitano de Turismo (COMETUR), Sergio Lois Heredia, neg\u00f3 que haya una ocupaci\u00f3n hotelera al 100% en los hospedajes de la zona conurbada Veracruz &#8211; Boca del R\u00edo por el evento Internacional de Voleibol que se desarrolla a un costado del Foro Boca. El empresario neg\u00f3 las especulaciones [&hellip;]<\/p>\n","protected":false},"author":2476,"featured_media":71512,"comment_status":"open","ping_status":"open","sticky":false,"template":"","format":"standard","meta":{"_jetpack_memberships_contains_paid_content":false,"footnotes":""},"categories":[2],"tags":[],"class_list":["post-71511","post","type-post","status-publish","format-standard","has-post-thumbnail","hentry","category-estado"],"jetpack_featured_media_url":"https:\/\/encuentroinformativo.com.mx\/wp-content\/uploads\/2025\/10\/IMG-20251002-WA01262.jpg","jetpack_sharing_enabled":true,"jetpack_likes_enabled":true,"amp_enabled":true,"_links":{"self":[{"href":"https:\/\/encuentroinformativo.com.mx\/index.php?rest_route=\/wp\/v2\/posts\/71511","targetHints":{"allow":["GET"]}}],"collection":[{"href":"https:\/\/encuentroinformativo.com.mx\/index.php?rest_route=\/wp\/v2\/posts"}],"about":[{"href":"https:\/\/encuentroinformativo.com.mx\/index.php?rest_route=\/wp\/v2\/types\/post"}],"author":[{"embeddable":true,"href":"https:\/\/encuentroinformativo.com.mx\/index.php?rest_route=\/wp\/v2\/users\/2476"}],"replies":[{"embeddable":true,"href":"https:\/\/encuentroinformativo.com.mx\/index.php?rest_route=%2Fwp%2Fv2%2Fcomments&post=71511"}],"version-history":[{"count":1,"href":"https:\/\/encuentroinformativo.com.mx\/index.php?rest_route=\/wp\/v2\/posts\/71511\/revisions"}],"predecessor-version":[{"id":71513,"href":"https:\/\/encuentroinformativo.com.mx\/index.php?rest_route=\/wp\/v2\/posts\/71511\/revisions\/71513"}],"wp:featuredmedia":[{"embeddable":true,"href":"https:\/\/encuentroinformativo.com.mx\/index.php?rest_route=\/wp\/v2\/media\/71512"}],"wp:attachment":[{"href":"https:\/\/encuentroinformativo.com.mx\/index.php?rest_route=%2Fwp%2Fv2%2Fmedia&parent=71511"}],"wp:term":[{"taxonomy":"category","embeddable":true,"href":"https:\/\/encuentroinformativo.com.mx\/index.php?rest_route=%2Fwp%2Fv2%2Fcategories&post=71511"},{"taxonomy":"post_tag","embeddable":true,"href":"https:\/\/encuentroinformativo.com.mx\/index.php?rest_route=%2Fwp%2Fv2%2Ftags&post=71511"}],"curies":[{"name":"wp","href":"https:\/\/api.w.org\/{rel}","templated":true}]}}