{"id":71523,"date":"2025-10-02T15:18:30","date_gmt":"2025-10-02T21:18:30","guid":{"rendered":"https:\/\/encuentroinformativo.com.mx\/?p=71523"},"modified":"2025-10-02T15:18:30","modified_gmt":"2025-10-02T21:18:30","slug":"hay-docentes-que-se-ausentan-de-las-aulas-afirma-claudia-tello","status":"publish","type":"post","link":"https:\/\/encuentroinformativo.com.mx\/?p=71523","title":{"rendered":"Hay docentes que se ausentan de las aulas, afirma Claudia Tello"},"content":{"rendered":"<p><strong>Dar\u00edo Pale<\/strong><\/p>\n<p>Xalapa, Ver.- La titular de la Secretar\u00eda de Educaci\u00f3n de Veracruz, Claudia Tello Espinosa, se\u00f1al\u00f3 que en el estado hay maestros que no se presentan a trabajar en las escuelas ind\u00edgenas, a pesar de que se les invita a hacerlo.<\/p>\n<p>La funcionaria indic\u00f3 que algunos maestros se amparan en el tema sindical para no trabajar, pero destac\u00f3 que la mayor\u00eda de los maestros son responsables.<\/p>\n<p>La Secretar\u00eda de Educaci\u00f3n de Veracruz (SEV), ha detectado que hay maestros que no se presentan a trabajar en las escuelas ind\u00edgenas, se ha invitado a los maestros a acercarse a las escuelas y cumplir con su trabajo.<\/p>\n<p>\u201cNo faltan maestros, lo que pasa es que hay maestros que no llegan a las escuelas y pues seguimos invit\u00e1ndolos a que se acerquen y que vayan a trabajar\u201d, se\u00f1al\u00f3.<\/p>\n<p>Algunos maestros se amparan en el tema sindical para no trabajar, sin embargo, la funcionaria destac\u00f3 que la mayor\u00eda de los maestros son responsables y cumplen con su trabajo.<\/p>\n<p>\u201cPero bueno, ustedes saben que a veces ellos se cobijan con el tema sindical y pues nada m\u00e1s quieren cobrar pero no trabajar, no son todos, porque la mayor\u00eda de los maestros son muy responsables\u201d, coment\u00f3.<\/p>\n<p>Finalmente coment\u00f3 que la dependencia a su cargo ha mantenido un di\u00e1logo con los maestros para encontrar soluciones y mejorar la educaci\u00f3n en el estado, se busca encontrar una soluci\u00f3n para que los maestros se presenten a trabajar en las escuelas ind\u00edgenas y cumplan con su labor educativa.<\/p>\n","protected":false},"excerpt":{"rendered":"<p>Dar\u00edo Pale Xalapa, Ver.- La titular de la Secretar\u00eda de Educaci\u00f3n de Veracruz, Claudia Tello Espinosa, se\u00f1al\u00f3 que en el estado hay maestros que no se presentan a trabajar en las escuelas ind\u00edgenas, a pesar de que se les invita a hacerlo. La funcionaria indic\u00f3 que algunos maestros se amparan en el tema sindical para [&hellip;]<\/p>\n","protected":false},"author":2476,"featured_media":71524,"comment_status":"open","ping_status":"open","sticky":false,"template":"","format":"standard","meta":{"_jetpack_memberships_contains_paid_content":false,"footnotes":""},"categories":[2],"tags":[],"class_list":["post-71523","post","type-post","status-publish","format-standard","has-post-thumbnail","hentry","category-estado"],"jetpack_featured_media_url":"https:\/\/encuentroinformativo.com.mx\/wp-content\/uploads\/2025\/10\/IMG-20251002-WA0181.jpg","jetpack_sharing_enabled":true,"jetpack_likes_enabled":true,"amp_enabled":true,"_links":{"self":[{"href":"https:\/\/encuentroinformativo.com.mx\/index.php?rest_route=\/wp\/v2\/posts\/71523","targetHints":{"allow":["GET"]}}],"collection":[{"href":"https:\/\/encuentroinformativo.com.mx\/index.php?rest_route=\/wp\/v2\/posts"}],"about":[{"href":"https:\/\/encuentroinformativo.com.mx\/index.php?rest_route=\/wp\/v2\/types\/post"}],"author":[{"embeddable":true,"href":"https:\/\/encuentroinformativo.com.mx\/index.php?rest_route=\/wp\/v2\/users\/2476"}],"replies":[{"embeddable":true,"href":"https:\/\/encuentroinformativo.com.mx\/index.php?rest_route=%2Fwp%2Fv2%2Fcomments&post=71523"}],"version-history":[{"count":1,"href":"https:\/\/encuentroinformativo.com.mx\/index.php?rest_route=\/wp\/v2\/posts\/71523\/revisions"}],"predecessor-version":[{"id":71525,"href":"https:\/\/encuentroinformativo.com.mx\/index.php?rest_route=\/wp\/v2\/posts\/71523\/revisions\/71525"}],"wp:featuredmedia":[{"embeddable":true,"href":"https:\/\/encuentroinformativo.com.mx\/index.php?rest_route=\/wp\/v2\/media\/71524"}],"wp:attachment":[{"href":"https:\/\/encuentroinformativo.com.mx\/index.php?rest_route=%2Fwp%2Fv2%2Fmedia&parent=71523"}],"wp:term":[{"taxonomy":"category","embeddable":true,"href":"https:\/\/encuentroinformativo.com.mx\/index.php?rest_route=%2Fwp%2Fv2%2Fcategories&post=71523"},{"taxonomy":"post_tag","embeddable":true,"href":"https:\/\/encuentroinformativo.com.mx\/index.php?rest_route=%2Fwp%2Fv2%2Ftags&post=71523"}],"curies":[{"name":"wp","href":"https:\/\/api.w.org\/{rel}","templated":true}]}}