{"id":71526,"date":"2025-10-02T15:46:50","date_gmt":"2025-10-02T21:46:50","guid":{"rendered":"https:\/\/encuentroinformativo.com.mx\/?p=71526"},"modified":"2025-10-02T15:46:50","modified_gmt":"2025-10-02T21:46:50","slug":"inicia-iglesia-con-actividades-para-celebrar-a-san-rafael","status":"publish","type":"post","link":"https:\/\/encuentroinformativo.com.mx\/?p=71526","title":{"rendered":"Inicia Iglesia con actividades para celebrar a San Rafael"},"content":{"rendered":"<p><strong>Dar\u00edo Pale<\/strong><\/p>\n<p>Xalapa, Ver.- La Arquidi\u00f3cesis de Xalapa ha iniciado las actividades religiosas y culturales en honor a San Rafael Gu\u00edzar y Valencia, conocido como el Obispo de la Caridad, con motivo del aniversario de su muerte el 23 de octubre de 1938.<\/p>\n<p>El vocero de la Arquidi\u00f3cesis, padre Juan Berist\u00e1in de los Santos, destac\u00f3 la devoci\u00f3n hacia San Rafael por su cercan\u00eda con el pueblo y su legado de servicio.<\/p>\n<p>\u201cEse legado de servicio sigue transmiti\u00e9ndose de abuelos a nietos, porque San Rafael fue un pastor que nunca dej\u00f3 solo a su pueblo\u201d, coment\u00f3.<\/p>\n<p>Dio a conocer que a partir del 1 de octubre a las 21:00 horas, se transmite una radionovela sobre la vida del santo a trav\u00e9s del canal digital de la Arquidi\u00f3cesis de Xalapa, y del 14 al 22 de octubre, se llevar\u00e1 a cabo la tradicional novena en preparaci\u00f3n a la fiesta principal.<\/p>\n<p>Todas las Di\u00f3cesis de Veracruz presentar\u00e1n una cartelera de actividades en los pr\u00f3ximos d\u00edas, el programa completo de actividades incluye misas, peregrinaciones y expresiones culturales en honor al primer santo de Latinoam\u00e9rica.<\/p>\n<p>La celebraci\u00f3n tiene un doble sentido: agradecer a Dios por el env\u00edo de un santo en tiempos de persecuci\u00f3n y revoluci\u00f3n, y asumir su ejemplo de caridad en la vida diaria, la festividad se vive con gran fervor popular gracias a los coloridos y artesanales arcos florales que la comunidad de Teocelo lleva a la Catedral Metropolitana de Xalapa.<\/p>\n<p>\u201cAgradecer a Dios por el env\u00edo de un santo en tiempos de persecuci\u00f3n y revoluci\u00f3n, y asumir su ejemplo de caridad en la vida diaria, en un contexto donde la solidaridad sigue siendo necesaria\u201d, se\u00f1al\u00f3.<\/p>\n<p>\u201cEl Se\u00f1or Gu\u00edzar nos ense\u00f1\u00f3 que la paz es fruto de la justicia y la solidaridad; hoy pedimos su intercesi\u00f3n para imitar sus ejemplos y vivir la caridad cristiana\u201d, agreg\u00f3.<\/p>\n<p>Finalmente el padre Berist\u00e1in de los Santos invit\u00f3 a la feligres\u00eda a consultar las redes sociales oficiales de la Arquidi\u00f3cesis para informarse oportunamente y ser part\u00edcipes de la celebraci\u00f3n.<\/p>\n","protected":false},"excerpt":{"rendered":"<p>Dar\u00edo Pale Xalapa, Ver.- La Arquidi\u00f3cesis de Xalapa ha iniciado las actividades religiosas y culturales en honor a San Rafael Gu\u00edzar y Valencia, conocido como el Obispo de la Caridad, con motivo del aniversario de su muerte el 23 de octubre de 1938. El vocero de la Arquidi\u00f3cesis, padre Juan Berist\u00e1in de los Santos, destac\u00f3 [&hellip;]<\/p>\n","protected":false},"author":2476,"featured_media":71529,"comment_status":"open","ping_status":"open","sticky":false,"template":"","format":"standard","meta":{"_jetpack_memberships_contains_paid_content":false,"footnotes":""},"categories":[3],"tags":[],"class_list":["post-71526","post","type-post","status-publish","format-standard","has-post-thumbnail","hentry","category-xalapa"],"jetpack_featured_media_url":"https:\/\/encuentroinformativo.com.mx\/wp-content\/uploads\/2025\/10\/IMG-20251002-WA02212-scaled.jpg","jetpack_sharing_enabled":true,"jetpack_likes_enabled":true,"amp_enabled":true,"_links":{"self":[{"href":"https:\/\/encuentroinformativo.com.mx\/index.php?rest_route=\/wp\/v2\/posts\/71526","targetHints":{"allow":["GET"]}}],"collection":[{"href":"https:\/\/encuentroinformativo.com.mx\/index.php?rest_route=\/wp\/v2\/posts"}],"about":[{"href":"https:\/\/encuentroinformativo.com.mx\/index.php?rest_route=\/wp\/v2\/types\/post"}],"author":[{"embeddable":true,"href":"https:\/\/encuentroinformativo.com.mx\/index.php?rest_route=\/wp\/v2\/users\/2476"}],"replies":[{"embeddable":true,"href":"https:\/\/encuentroinformativo.com.mx\/index.php?rest_route=%2Fwp%2Fv2%2Fcomments&post=71526"}],"version-history":[{"count":1,"href":"https:\/\/encuentroinformativo.com.mx\/index.php?rest_route=\/wp\/v2\/posts\/71526\/revisions"}],"predecessor-version":[{"id":71528,"href":"https:\/\/encuentroinformativo.com.mx\/index.php?rest_route=\/wp\/v2\/posts\/71526\/revisions\/71528"}],"wp:featuredmedia":[{"embeddable":true,"href":"https:\/\/encuentroinformativo.com.mx\/index.php?rest_route=\/wp\/v2\/media\/71529"}],"wp:attachment":[{"href":"https:\/\/encuentroinformativo.com.mx\/index.php?rest_route=%2Fwp%2Fv2%2Fmedia&parent=71526"}],"wp:term":[{"taxonomy":"category","embeddable":true,"href":"https:\/\/encuentroinformativo.com.mx\/index.php?rest_route=%2Fwp%2Fv2%2Fcategories&post=71526"},{"taxonomy":"post_tag","embeddable":true,"href":"https:\/\/encuentroinformativo.com.mx\/index.php?rest_route=%2Fwp%2Fv2%2Ftags&post=71526"}],"curies":[{"name":"wp","href":"https:\/\/api.w.org\/{rel}","templated":true}]}}