{"id":71533,"date":"2025-10-02T17:38:11","date_gmt":"2025-10-02T23:38:11","guid":{"rendered":"https:\/\/encuentroinformativo.com.mx\/?p=71533"},"modified":"2025-10-02T17:38:11","modified_gmt":"2025-10-02T23:38:11","slug":"con-marchas-recuerdan-movimiento-estudiantil-del-68","status":"publish","type":"post","link":"https:\/\/encuentroinformativo.com.mx\/?p=71533","title":{"rendered":"Con marchas, recuerdan Movimiento Estudiantil del 68"},"content":{"rendered":"<p><strong>Dar\u00edo Pale<\/strong><\/p>\n<p>Xalapa, Ver.- En la capital del estado se llevaron a cabo dos marchas que pasaron por las principales calles del centro, esto para conmemorar el 57 aniversario del Movimiento Estudiantil de 1968 en la plaza de las Tres Culturas en Tlatelolco.<\/p>\n<p>Una de las marchas sali\u00f3 de la Rector\u00eda de la Universidad Veracruzana y otra de la Facultad de Humanidades, y se concentraron en la plaza Lerdo donde gritaban diferentes consignas.<\/p>\n<p>El 2 de octubre de 1968, M\u00e9xico vivi\u00f3 uno de los episodios m\u00e1s tr\u00e1gicos de su historia, conocido como la Matanza de Tlatelolco, en la Ciudad de M\u00e9xico, miles de estudiantes y ciudadanos se hab\u00edan reunido en la Plaza de las Tres Culturas para protestar contra el gobierno y exigir cambios pol\u00edticos y sociales.<\/p>\n<p>La manifestaci\u00f3n fue brutalmente reprimida por el ej\u00e9rcito y la polic\u00eda, resultando en la muerte de cientos de personas.<\/p>\n<p>En Xalapa, la marcha del 2 de octubre es una forma de recordar y conmemorar aquellos sucesos y de exigir justicia y verdad para las v\u00edctimas y sus familias, la marcha suele ser organizada por organizaciones estudiantiles, sociales y pol\u00edticas, y cuenta con la participaci\u00f3n de ciudadanos y ciudadanas que se solidarizan con la causa.<\/p>\n<p>Recordar y conmemorar los sucesos del 2 de octubre de 1968, es con la finalidad de exigir justicia y verdad para las v\u00edctimas y sus familias, demandar cambios pol\u00edticos y sociales que promuevan la justicia, la igualdad y la libertad.<\/p>\n<p>Durante el recorrido, los participantes portaron carteles, pancartas y consignas que recuerdan los sucesos de 1968 y exigen justicia y verdad.<\/p>\n<p>La marcha del 2 de octubre es una forma de mantener viva la memoria de los sucesos de 1968 es una oportunidad para reflexionar sobre la importancia de la libertad de expresi\u00f3n y la participaci\u00f3n ciudadana en la construcci\u00f3n de una sociedad m\u00e1s justa y democr\u00e1tica.<\/p>\n<p>Finalmente cabe se\u00f1alar que la marcha tambi\u00e9n es una forma de solidarizarse con las v\u00edctimas de la represi\u00f3n y de exigir que se respeten los derechos humanos en M\u00e9xico.<\/p>\n","protected":false},"excerpt":{"rendered":"<p>Dar\u00edo Pale Xalapa, Ver.- En la capital del estado se llevaron a cabo dos marchas que pasaron por las principales calles del centro, esto para conmemorar el 57 aniversario del Movimiento Estudiantil de 1968 en la plaza de las Tres Culturas en Tlatelolco. Una de las marchas sali\u00f3 de la Rector\u00eda de la Universidad Veracruzana [&hellip;]<\/p>\n","protected":false},"author":2476,"featured_media":71534,"comment_status":"open","ping_status":"open","sticky":false,"template":"","format":"standard","meta":{"_jetpack_memberships_contains_paid_content":false,"footnotes":""},"categories":[3],"tags":[],"class_list":["post-71533","post","type-post","status-publish","format-standard","has-post-thumbnail","hentry","category-xalapa"],"jetpack_featured_media_url":"https:\/\/encuentroinformativo.com.mx\/wp-content\/uploads\/2025\/10\/IMG-20251002-WA0310-scaled.jpg","jetpack_sharing_enabled":true,"jetpack_likes_enabled":true,"amp_enabled":true,"_links":{"self":[{"href":"https:\/\/encuentroinformativo.com.mx\/index.php?rest_route=\/wp\/v2\/posts\/71533","targetHints":{"allow":["GET"]}}],"collection":[{"href":"https:\/\/encuentroinformativo.com.mx\/index.php?rest_route=\/wp\/v2\/posts"}],"about":[{"href":"https:\/\/encuentroinformativo.com.mx\/index.php?rest_route=\/wp\/v2\/types\/post"}],"author":[{"embeddable":true,"href":"https:\/\/encuentroinformativo.com.mx\/index.php?rest_route=\/wp\/v2\/users\/2476"}],"replies":[{"embeddable":true,"href":"https:\/\/encuentroinformativo.com.mx\/index.php?rest_route=%2Fwp%2Fv2%2Fcomments&post=71533"}],"version-history":[{"count":1,"href":"https:\/\/encuentroinformativo.com.mx\/index.php?rest_route=\/wp\/v2\/posts\/71533\/revisions"}],"predecessor-version":[{"id":71535,"href":"https:\/\/encuentroinformativo.com.mx\/index.php?rest_route=\/wp\/v2\/posts\/71533\/revisions\/71535"}],"wp:featuredmedia":[{"embeddable":true,"href":"https:\/\/encuentroinformativo.com.mx\/index.php?rest_route=\/wp\/v2\/media\/71534"}],"wp:attachment":[{"href":"https:\/\/encuentroinformativo.com.mx\/index.php?rest_route=%2Fwp%2Fv2%2Fmedia&parent=71533"}],"wp:term":[{"taxonomy":"category","embeddable":true,"href":"https:\/\/encuentroinformativo.com.mx\/index.php?rest_route=%2Fwp%2Fv2%2Fcategories&post=71533"},{"taxonomy":"post_tag","embeddable":true,"href":"https:\/\/encuentroinformativo.com.mx\/index.php?rest_route=%2Fwp%2Fv2%2Ftags&post=71533"}],"curies":[{"name":"wp","href":"https:\/\/api.w.org\/{rel}","templated":true}]}}