{"id":71542,"date":"2025-10-02T21:44:11","date_gmt":"2025-10-03T03:44:11","guid":{"rendered":"https:\/\/encuentroinformativo.com.mx\/?p=71542"},"modified":"2025-10-02T21:44:11","modified_gmt":"2025-10-03T03:44:11","slug":"calles-olvidadas-en-nanchital-acusan-pobladores","status":"publish","type":"post","link":"https:\/\/encuentroinformativo.com.mx\/?p=71542","title":{"rendered":"Calles olvidadas en Nanchital, acusan pobladores\u00a0"},"content":{"rendered":"<p><strong>Jos\u00e9 Vargas<\/strong><\/p>\n<p>Nanchital, Ver.- A cuatro meses de concluir la administraci\u00f3n de la alcaldesa morenista Esmeralda Mora Zamudio, vecinos de distintas colonias de Nanchital denuncian que persisten calles en condiciones deplorables, sin pavimentaci\u00f3n ni mantenimiento.<\/p>\n<p>Aunque el gobierno municipal promovi\u00f3 el discurso de la \u201ctransformaci\u00f3n\u201d, habitantes aseguran que sus colonias no fueron tomadas en cuenta durante los cuatro a\u00f1os de gesti\u00f3n, lo que ha generado inconformidad y descontento ciudadano.<\/p>\n<p>\u201cSeguimos esperando que alg\u00fan d\u00eda llegue el progreso a estas calles, porque pareciera que solo se trabaj\u00f3 en las zonas m\u00e1s visibles y no en donde realmente hace falta\u201d, expresaron habitantes de sectores marginados.<\/p>\n<p>La percepci\u00f3n negativa hacia la actual administraci\u00f3n ha llevado a que algunos la consideren incluso peor que las de exalcaldes como el doctor Ocejo o la doctora Zoila Balderas, cuyas gestiones fueron duramente cuestionadas en su momento.<\/p>\n<p>Vecinos conf\u00edan en que, en los \u00faltimos meses de gobierno, se atiendan al menos algunas de las necesidades m\u00e1s urgentes, aunque reconocen que el tiempo es limitado y que la deuda social con varias colonias seguir\u00e1 pendiente.<\/p>\n","protected":false},"excerpt":{"rendered":"<p>Jos\u00e9 Vargas Nanchital, Ver.- A cuatro meses de concluir la administraci\u00f3n de la alcaldesa morenista Esmeralda Mora Zamudio, vecinos de distintas colonias de Nanchital denuncian que persisten calles en condiciones deplorables, sin pavimentaci\u00f3n ni mantenimiento. Aunque el gobierno municipal promovi\u00f3 el discurso de la \u201ctransformaci\u00f3n\u201d, habitantes aseguran que sus colonias no fueron tomadas en cuenta [&hellip;]<\/p>\n","protected":false},"author":2476,"featured_media":71543,"comment_status":"open","ping_status":"open","sticky":false,"template":"","format":"standard","meta":{"_jetpack_memberships_contains_paid_content":false,"footnotes":""},"categories":[2],"tags":[],"class_list":["post-71542","post","type-post","status-publish","format-standard","has-post-thumbnail","hentry","category-estado"],"jetpack_featured_media_url":"https:\/\/encuentroinformativo.com.mx\/wp-content\/uploads\/2025\/10\/IMG-20251002-WA0449.jpg","jetpack_sharing_enabled":true,"jetpack_likes_enabled":true,"amp_enabled":true,"_links":{"self":[{"href":"https:\/\/encuentroinformativo.com.mx\/index.php?rest_route=\/wp\/v2\/posts\/71542","targetHints":{"allow":["GET"]}}],"collection":[{"href":"https:\/\/encuentroinformativo.com.mx\/index.php?rest_route=\/wp\/v2\/posts"}],"about":[{"href":"https:\/\/encuentroinformativo.com.mx\/index.php?rest_route=\/wp\/v2\/types\/post"}],"author":[{"embeddable":true,"href":"https:\/\/encuentroinformativo.com.mx\/index.php?rest_route=\/wp\/v2\/users\/2476"}],"replies":[{"embeddable":true,"href":"https:\/\/encuentroinformativo.com.mx\/index.php?rest_route=%2Fwp%2Fv2%2Fcomments&post=71542"}],"version-history":[{"count":2,"href":"https:\/\/encuentroinformativo.com.mx\/index.php?rest_route=\/wp\/v2\/posts\/71542\/revisions"}],"predecessor-version":[{"id":71545,"href":"https:\/\/encuentroinformativo.com.mx\/index.php?rest_route=\/wp\/v2\/posts\/71542\/revisions\/71545"}],"wp:featuredmedia":[{"embeddable":true,"href":"https:\/\/encuentroinformativo.com.mx\/index.php?rest_route=\/wp\/v2\/media\/71543"}],"wp:attachment":[{"href":"https:\/\/encuentroinformativo.com.mx\/index.php?rest_route=%2Fwp%2Fv2%2Fmedia&parent=71542"}],"wp:term":[{"taxonomy":"category","embeddable":true,"href":"https:\/\/encuentroinformativo.com.mx\/index.php?rest_route=%2Fwp%2Fv2%2Fcategories&post=71542"},{"taxonomy":"post_tag","embeddable":true,"href":"https:\/\/encuentroinformativo.com.mx\/index.php?rest_route=%2Fwp%2Fv2%2Ftags&post=71542"}],"curies":[{"name":"wp","href":"https:\/\/api.w.org\/{rel}","templated":true}]}}