{"id":71546,"date":"2025-10-03T09:17:08","date_gmt":"2025-10-03T15:17:08","guid":{"rendered":"https:\/\/encuentroinformativo.com.mx\/?p=71546"},"modified":"2025-10-03T09:17:08","modified_gmt":"2025-10-03T15:17:08","slug":"lluvias-aislan-al-poblado-6-de-uxpanapa","status":"publish","type":"post","link":"https:\/\/encuentroinformativo.com.mx\/?p=71546","title":{"rendered":"Lluvias a\u00edslan al Poblado 6 de Uxpanapa"},"content":{"rendered":"<p><strong>Jose Vargas<\/strong><\/p>\n<p>Uxpanapa, Ver.- La temporada de lluvias volvi\u00f3 a poner en jaque a los habitantes del Poblado 6 de Uxpanapa, donde el desbordamiento de los arroyos El Mazate, El Venado y Las Cuevas dej\u00f3 a la comunidad incomunicada y con severos da\u00f1os en viviendas, escuelas y negocios.<\/p>\n<p>En cuesti\u00f3n de horas, el agua cubri\u00f3 caminos y espacios p\u00fablicos, entre ellos la telesecundaria Jos\u00e9 Vasconcelos, donde adem\u00e1s opera el almac\u00e9n de Diconsa, indispensable para el suministro de alimentos. La escena se repiti\u00f3 en casas particulares, en el centro comercial La Laguna y en la colonia Benito Ju\u00e1rez, donde las anegaciones mantienen en vilo a los vecinos.<\/p>\n<p><strong>&#8220;Un puente que no llega&#8221;<\/strong><\/p>\n<p>El aislamiento de la poblaci\u00f3n no es nuevo. Desde hace cinco meses carecen de un puente funcional que comunique a La Laguna con el Poblado 6. La estructura anterior fue retirada por representar un riesgo, pero la nueva obra avanza a paso lento. Hoy, esa omisi\u00f3n cobra factura: enfermos que no pueden ser trasladados, comercios sin productos y familias atrapadas por el agua.<\/p>\n<p><strong>&#8220;Una comunidad atrapada&#8221;<\/strong><\/p>\n<p>La incertidumbre domina. Las corrientes impiden el tr\u00e1nsito y obligan a los pobladores a esperar a que bajen los niveles, mientras improvisan medidas para salvaguardar lo poco que queda seco. \u201cNo es la primera vez, pero ahora estamos peor porque no tenemos puente\u201d, comentan vecinos que temen que la situaci\u00f3n se repita con mayor fuerza en las siguientes lluvias.<\/p>\n<p><img loading=\"lazy\" decoding=\"async\" class=\"aligncenter size-medium wp-image-71548\" src=\"https:\/\/encuentroinformativo.com.mx\/wp-content\/uploads\/2025\/10\/IMG-20251003-WA0010-226x300.jpg\" alt=\"\" width=\"226\" height=\"300\" srcset=\"https:\/\/encuentroinformativo.com.mx\/wp-content\/uploads\/2025\/10\/IMG-20251003-WA0010-226x300.jpg 226w, https:\/\/encuentroinformativo.com.mx\/wp-content\/uploads\/2025\/10\/IMG-20251003-WA0010-770x1024.jpg 770w, https:\/\/encuentroinformativo.com.mx\/wp-content\/uploads\/2025\/10\/IMG-20251003-WA0010-768x1021.jpg 768w, https:\/\/encuentroinformativo.com.mx\/wp-content\/uploads\/2025\/10\/IMG-20251003-WA0010.jpg 963w\" sizes=\"auto, (max-width: 226px) 100vw, 226px\" \/><\/p>\n","protected":false},"excerpt":{"rendered":"<p>Jose Vargas Uxpanapa, Ver.- La temporada de lluvias volvi\u00f3 a poner en jaque a los habitantes del Poblado 6 de Uxpanapa, donde el desbordamiento de los arroyos El Mazate, El Venado y Las Cuevas dej\u00f3 a la comunidad incomunicada y con severos da\u00f1os en viviendas, escuelas y negocios. En cuesti\u00f3n de horas, el agua cubri\u00f3 [&hellip;]<\/p>\n","protected":false},"author":2476,"featured_media":71547,"comment_status":"open","ping_status":"open","sticky":false,"template":"","format":"standard","meta":{"_jetpack_memberships_contains_paid_content":false,"footnotes":""},"categories":[2],"tags":[],"class_list":["post-71546","post","type-post","status-publish","format-standard","has-post-thumbnail","hentry","category-estado"],"jetpack_featured_media_url":"https:\/\/encuentroinformativo.com.mx\/wp-content\/uploads\/2025\/10\/IMG-20251003-WA0012.jpg","jetpack_sharing_enabled":true,"jetpack_likes_enabled":true,"amp_enabled":true,"_links":{"self":[{"href":"https:\/\/encuentroinformativo.com.mx\/index.php?rest_route=\/wp\/v2\/posts\/71546","targetHints":{"allow":["GET"]}}],"collection":[{"href":"https:\/\/encuentroinformativo.com.mx\/index.php?rest_route=\/wp\/v2\/posts"}],"about":[{"href":"https:\/\/encuentroinformativo.com.mx\/index.php?rest_route=\/wp\/v2\/types\/post"}],"author":[{"embeddable":true,"href":"https:\/\/encuentroinformativo.com.mx\/index.php?rest_route=\/wp\/v2\/users\/2476"}],"replies":[{"embeddable":true,"href":"https:\/\/encuentroinformativo.com.mx\/index.php?rest_route=%2Fwp%2Fv2%2Fcomments&post=71546"}],"version-history":[{"count":1,"href":"https:\/\/encuentroinformativo.com.mx\/index.php?rest_route=\/wp\/v2\/posts\/71546\/revisions"}],"predecessor-version":[{"id":71549,"href":"https:\/\/encuentroinformativo.com.mx\/index.php?rest_route=\/wp\/v2\/posts\/71546\/revisions\/71549"}],"wp:featuredmedia":[{"embeddable":true,"href":"https:\/\/encuentroinformativo.com.mx\/index.php?rest_route=\/wp\/v2\/media\/71547"}],"wp:attachment":[{"href":"https:\/\/encuentroinformativo.com.mx\/index.php?rest_route=%2Fwp%2Fv2%2Fmedia&parent=71546"}],"wp:term":[{"taxonomy":"category","embeddable":true,"href":"https:\/\/encuentroinformativo.com.mx\/index.php?rest_route=%2Fwp%2Fv2%2Fcategories&post=71546"},{"taxonomy":"post_tag","embeddable":true,"href":"https:\/\/encuentroinformativo.com.mx\/index.php?rest_route=%2Fwp%2Fv2%2Ftags&post=71546"}],"curies":[{"name":"wp","href":"https:\/\/api.w.org\/{rel}","templated":true}]}}