{"id":71554,"date":"2025-10-03T11:23:51","date_gmt":"2025-10-03T17:23:51","guid":{"rendered":"https:\/\/encuentroinformativo.com.mx\/?p=71554"},"modified":"2025-10-03T11:23:51","modified_gmt":"2025-10-03T17:23:51","slug":"solicitan-al-congreso-emitir-interpretacion-correcta-de-legislacion-universitaria","status":"publish","type":"post","link":"https:\/\/encuentroinformativo.com.mx\/?p=71554","title":{"rendered":"Solicitan al Congreso emitir interpretaci\u00f3n &#8220;correcta&#8221; de legislaci\u00f3n universitaria"},"content":{"rendered":"<p><strong>Dar\u00edo Pale<\/strong><\/p>\n<p>Xalapa, Ver.- La ex rectora de la Universidad Veracruzana (UV), Sara Ladr\u00f3n de Guevara, se pronunci\u00f3 sobre la situaci\u00f3n actual de la universidad y la solicitud de interpretaci\u00f3n legal que se est\u00e1 realizando ante el Congreso del Estado.<\/p>\n<p>La red UV por la Legalidad, de la cual forma parte Ladr\u00f3n de Guevara, est\u00e1 solicitando que el Congreso emita una interpretaci\u00f3n correcta de la legislaci\u00f3n universitaria.<\/p>\n<p>La red UV por la Legalidad est\u00e1 solicitando que el Congreso del Estado emita una interpretaci\u00f3n correcta de la legislaci\u00f3n universitaria, la solicitud se refiere a la ley org\u00e1nica y la ley de autonom\u00eda que rigen a la Universidad Veracruzana.<\/p>\n<p>\u201cEl mandato fue hacer un escrito, un oficio al Congreso para que emitan la interpretaci\u00f3n legal de la legislaci\u00f3n universitaria, como ustedes bien saben, la ley org\u00e1nica y la ley de autonom\u00eda que nos rigen son objeto del Congreso del Estado\u201d, coment\u00f3.<\/p>\n<p>\u201cEl resto de la legislaci\u00f3n s\u00ed puede ser modificada por las universidades, la legislaci\u00f3n es decir, los estatutos y los reglamentos, pero las leyes, que en este caso la ley org\u00e1nica y la ley de autonom\u00eda, es la funci\u00f3n del Congreso\u201d, agreg\u00f3.<\/p>\n<p>La interpretaci\u00f3n correcta de la ley es importante para resolver los amparos que se han presentado en relaci\u00f3n con la pr\u00f3rroga del rector.<\/p>\n<p>Hay seis amparos presentados en relaci\u00f3n con la pr\u00f3rroga del rector, la sentencia a\u00fan no ha sido dictada y se est\u00e1 a la espera de la interpretaci\u00f3n del Congreso.<\/p>\n<p>\u201cTampoco tenemos informaci\u00f3n, si bien estaba establecida una decisi\u00f3n, el tema del cambio de jueces, de juzgadores, ha retrasado estos procesos y tambi\u00e9n un procedimiento que metieron los miembros de la Junta de Gobierno como t\u00e1ctica dilatoria para retrasar la resoluci\u00f3n, porque piensan que es ilegal lo que est\u00e1n haciendo\u201d, agreg\u00f3.<\/p>\n<p>La pr\u00f3rroga del rector ha generado controversia y ha sido objeto de cr\u00edticas por parte de la comunidad universitaria, se argumenta que el procedimiento utilizado para la pr\u00f3rroga no est\u00e1 contemplado en la legislaci\u00f3n universitaria.<\/p>\n<p>La red UV por la Legalidad es un grupo que busca defender la legalidad y la autonom\u00eda de la Universidad Veracruzana, la red est\u00e1 integrada por acad\u00e9micos, estudiantes y trabajadores de la universidad, ha convocado a una serie de acciones para exigir que se respete la legalidad y se cumpla con la ley.<\/p>\n<p>La interpretaci\u00f3n correcta de la ley es importante para garantizar la legalidad y la autonom\u00eda de la Universidad Veracruzana, la interpretaci\u00f3n tambi\u00e9n es importante para resolver los amparos y determinar el futuro del rector.<\/p>\n<p>La comunidad universitaria ha expresado su preocupaci\u00f3n por la situaci\u00f3n actual de la universidad, la red UV por la Legalidad ha convocado a la comunidad universitaria a participar en la defensa de la legalidad y la autonom\u00eda de la universidad.<\/p>\n","protected":false},"excerpt":{"rendered":"<p>Dar\u00edo Pale Xalapa, Ver.- La ex rectora de la Universidad Veracruzana (UV), Sara Ladr\u00f3n de Guevara, se pronunci\u00f3 sobre la situaci\u00f3n actual de la universidad y la solicitud de interpretaci\u00f3n legal que se est\u00e1 realizando ante el Congreso del Estado. La red UV por la Legalidad, de la cual forma parte Ladr\u00f3n de Guevara, est\u00e1 [&hellip;]<\/p>\n","protected":false},"author":2476,"featured_media":71555,"comment_status":"open","ping_status":"open","sticky":false,"template":"","format":"standard","meta":{"_jetpack_memberships_contains_paid_content":false,"footnotes":""},"categories":[3],"tags":[],"class_list":["post-71554","post","type-post","status-publish","format-standard","has-post-thumbnail","hentry","category-xalapa"],"jetpack_featured_media_url":"https:\/\/encuentroinformativo.com.mx\/wp-content\/uploads\/2025\/10\/IMG-20251003-WA0086.jpg","jetpack_sharing_enabled":true,"jetpack_likes_enabled":true,"amp_enabled":true,"_links":{"self":[{"href":"https:\/\/encuentroinformativo.com.mx\/index.php?rest_route=\/wp\/v2\/posts\/71554","targetHints":{"allow":["GET"]}}],"collection":[{"href":"https:\/\/encuentroinformativo.com.mx\/index.php?rest_route=\/wp\/v2\/posts"}],"about":[{"href":"https:\/\/encuentroinformativo.com.mx\/index.php?rest_route=\/wp\/v2\/types\/post"}],"author":[{"embeddable":true,"href":"https:\/\/encuentroinformativo.com.mx\/index.php?rest_route=\/wp\/v2\/users\/2476"}],"replies":[{"embeddable":true,"href":"https:\/\/encuentroinformativo.com.mx\/index.php?rest_route=%2Fwp%2Fv2%2Fcomments&post=71554"}],"version-history":[{"count":1,"href":"https:\/\/encuentroinformativo.com.mx\/index.php?rest_route=\/wp\/v2\/posts\/71554\/revisions"}],"predecessor-version":[{"id":71556,"href":"https:\/\/encuentroinformativo.com.mx\/index.php?rest_route=\/wp\/v2\/posts\/71554\/revisions\/71556"}],"wp:featuredmedia":[{"embeddable":true,"href":"https:\/\/encuentroinformativo.com.mx\/index.php?rest_route=\/wp\/v2\/media\/71555"}],"wp:attachment":[{"href":"https:\/\/encuentroinformativo.com.mx\/index.php?rest_route=%2Fwp%2Fv2%2Fmedia&parent=71554"}],"wp:term":[{"taxonomy":"category","embeddable":true,"href":"https:\/\/encuentroinformativo.com.mx\/index.php?rest_route=%2Fwp%2Fv2%2Fcategories&post=71554"},{"taxonomy":"post_tag","embeddable":true,"href":"https:\/\/encuentroinformativo.com.mx\/index.php?rest_route=%2Fwp%2Fv2%2Ftags&post=71554"}],"curies":[{"name":"wp","href":"https:\/\/api.w.org\/{rel}","templated":true}]}}