{"id":71569,"date":"2025-10-03T12:38:47","date_gmt":"2025-10-03T18:38:47","guid":{"rendered":"https:\/\/encuentroinformativo.com.mx\/?p=71569"},"modified":"2025-10-03T12:38:47","modified_gmt":"2025-10-03T18:38:47","slug":"sev-se-niega-a-pagarle-seguro-de-invalidez-se-encadena-al-malecon-porteno","status":"publish","type":"post","link":"https:\/\/encuentroinformativo.com.mx\/?p=71569","title":{"rendered":"SEV se niega a pagarle Seguro de Invalidez, se encadena al Malec\u00f3n porte\u00f1o\u00a0"},"content":{"rendered":"<p><strong>Alejandro \u00c1vila<\/strong><\/p>\n<p>Veracruz, Ver.- Juan Miguel R\u00edos Andrade, docente de profesi\u00f3n, se encaden\u00f3 la ma\u00f1ana de este viernes 3 de octubre al Malec\u00f3n de Veracruz en protesta a la negaci\u00f3n de la Secretar\u00eda de Educaci\u00f3n de Veracruz (SEV) a pagarle m\u00e1s de 2 millones de pesos de seguro de invalidez.<\/p>\n<p>El profesor relat\u00f3 que tuvo un accidente el pasado 13 de febrero del 2021 y desde esa fecha se ha sometido a 11 cirug\u00edas para evitar la amputaci\u00f3n de su pierna derecha.<\/p>\n<p>Al mismo tiempo dio a conocer que har\u00e1 una huelga de hambre hasta que le sea solventado el pago, mismo que asegura, debi\u00f3 haberse hecho efectivo el pasado 29 de septiembre y que est\u00e1 avalado por la gobernadora Roc\u00edo Nahle Garc\u00eda.<\/p>\n<p>Encadenarse en la Macroplaza del Malec\u00f3n en compa\u00f1\u00eda de su perro &#8220;Rocky&#8221; es una estrategia, pues hay que recordar que este s\u00e1bado 4 de octubre se realizar\u00e1 en ese mismo espacio la ceremonia del 204 Aniversario de la creaci\u00f3n de la Armada de M\u00e9xico, con la presencia de la presidenta, Claudia Sheinbaum Pardo.<\/p>\n<p>&#8220;Hoy me encuentro aqui no por gusto, sino por necesidad, estoy consciente de esta humitaci\u00f3n publica por parte del Gobiemo del estado hacia mi persona y mi profesi\u00f3n como maestro Veracruzano sin embargo, deseo con esta acci\u00f3n despertar conciencias y dignificar al glorioso magisterio veracruzano. Soy el profesor Juan Miguel R\u00edos Andrade, trabajador al servicio del Estado en el \u00e1rea de educaci\u00f3n b\u00e1sica que tras a\u00f1os de entrega y esfuerzo, enfrente una situaci\u00f3n que cambi\u00f3 mi vida a raiz de un accidente automovilistico, la invalidez permanente. Esta condici\u00f3n me impide seguir laborando y por lo tanto me da el leg\u00edtimo derecho reconocido por la ley y por los contratos institucionales a recibir el seguro por invalidez que me corresponde&#8221;, subray\u00f3.<\/p>\n","protected":false},"excerpt":{"rendered":"<p>Alejandro \u00c1vila Veracruz, Ver.- Juan Miguel R\u00edos Andrade, docente de profesi\u00f3n, se encaden\u00f3 la ma\u00f1ana de este viernes 3 de octubre al Malec\u00f3n de Veracruz en protesta a la negaci\u00f3n de la Secretar\u00eda de Educaci\u00f3n de Veracruz (SEV) a pagarle m\u00e1s de 2 millones de pesos de seguro de invalidez. El profesor relat\u00f3 que tuvo [&hellip;]<\/p>\n","protected":false},"author":2476,"featured_media":71570,"comment_status":"open","ping_status":"open","sticky":false,"template":"","format":"standard","meta":{"_jetpack_memberships_contains_paid_content":false,"footnotes":""},"categories":[2],"tags":[],"class_list":["post-71569","post","type-post","status-publish","format-standard","has-post-thumbnail","hentry","category-estado"],"jetpack_featured_media_url":"https:\/\/encuentroinformativo.com.mx\/wp-content\/uploads\/2025\/10\/IMG-20251003-WA01702.jpg","jetpack_sharing_enabled":true,"jetpack_likes_enabled":true,"amp_enabled":true,"_links":{"self":[{"href":"https:\/\/encuentroinformativo.com.mx\/index.php?rest_route=\/wp\/v2\/posts\/71569","targetHints":{"allow":["GET"]}}],"collection":[{"href":"https:\/\/encuentroinformativo.com.mx\/index.php?rest_route=\/wp\/v2\/posts"}],"about":[{"href":"https:\/\/encuentroinformativo.com.mx\/index.php?rest_route=\/wp\/v2\/types\/post"}],"author":[{"embeddable":true,"href":"https:\/\/encuentroinformativo.com.mx\/index.php?rest_route=\/wp\/v2\/users\/2476"}],"replies":[{"embeddable":true,"href":"https:\/\/encuentroinformativo.com.mx\/index.php?rest_route=%2Fwp%2Fv2%2Fcomments&post=71569"}],"version-history":[{"count":1,"href":"https:\/\/encuentroinformativo.com.mx\/index.php?rest_route=\/wp\/v2\/posts\/71569\/revisions"}],"predecessor-version":[{"id":71571,"href":"https:\/\/encuentroinformativo.com.mx\/index.php?rest_route=\/wp\/v2\/posts\/71569\/revisions\/71571"}],"wp:featuredmedia":[{"embeddable":true,"href":"https:\/\/encuentroinformativo.com.mx\/index.php?rest_route=\/wp\/v2\/media\/71570"}],"wp:attachment":[{"href":"https:\/\/encuentroinformativo.com.mx\/index.php?rest_route=%2Fwp%2Fv2%2Fmedia&parent=71569"}],"wp:term":[{"taxonomy":"category","embeddable":true,"href":"https:\/\/encuentroinformativo.com.mx\/index.php?rest_route=%2Fwp%2Fv2%2Fcategories&post=71569"},{"taxonomy":"post_tag","embeddable":true,"href":"https:\/\/encuentroinformativo.com.mx\/index.php?rest_route=%2Fwp%2Fv2%2Ftags&post=71569"}],"curies":[{"name":"wp","href":"https:\/\/api.w.org\/{rel}","templated":true}]}}