{"id":71586,"date":"2025-10-03T16:44:19","date_gmt":"2025-10-03T22:44:19","guid":{"rendered":"https:\/\/encuentroinformativo.com.mx\/?p=71586"},"modified":"2025-10-03T16:44:19","modified_gmt":"2025-10-03T22:44:19","slug":"historico-arranque-del-1er-foro-por-la-transformacion-municipal","status":"publish","type":"post","link":"https:\/\/encuentroinformativo.com.mx\/?p=71586","title":{"rendered":"Hist\u00f3rico arranque del 1er Foro por la Transformaci\u00f3n Municipal"},"content":{"rendered":"<p><strong>* Extraordinaria participaci\u00f3n ciudadana en el di\u00e1logo por el futuro de la ciudad de Veracruz.<\/strong><\/p>\n<p>Veracruz, Ver.- M\u00e1s de 60 organizaciones sociales, c\u00e1maras empresariales, instituciones educativas y colectivos ciudadanos participaron en el Primer Foro por la Transformaci\u00f3n de Veracruz, un espacio para aportar ideas que contribuyan a la construcci\u00f3n del Plan Municipal de Desarrollo 2026\u20132029 del gobierno que encabezar\u00e1 Rosa Mar\u00eda Hern\u00e1ndez Espejo.<\/p>\n<p>El Primer Foro, organizado por el Grupo Transforma Veracruz con asesor\u00eda del Colegio de Economistas del Estado de Veracruz, fue dise\u00f1ado para fortalecer el desarrollo econ\u00f3mico, comercial y tur\u00edstico, ejes prioritarios de la pr\u00f3xima administraci\u00f3n, donde la participaci\u00f3n de todos los sectores ser\u00e1 clave para definir estrategias que impulsen un Veracruz m\u00e1s justo y pr\u00f3spero.<\/p>\n<p>\u201cHoy arrancamos estos foros y lo que aqu\u00ed se diga, se comente y se proponga ser\u00e1 trascendental para los pr\u00f3ximos cuatro a\u00f1os de nuestra ciudad\u201d, afirm\u00f3 la alcaldesa electa de Veracruz, destacando la importancia de escuchar y sumar todas las voces para construir un municipio cercano y participativo, siguiendo las directrices de la presidenta Claudia Sheinbaum Pardo, la gobernadora de Veracruz, Roc\u00edo Nahle Garc\u00eda, y los principios de MORENA.<\/p>\n<p>El coordinador de Grupo Transforma, Edgard Gonz\u00e1lez Su\u00e1rez, expres\u00f3 que la ciudad de Veracruz requiere la participaci\u00f3n activa de todos y que estos espacios buscan recopilar propuestas ciudadanas que nutran el Plan Municipal de Desarrollo 2026\u20132029, fortaleciendo un gobierno cercano y participativo.<\/p>\n<p>Durante la jornada se presentaron las ponencias de Belgio Amaya Rizo, director general del CCE Veracruz\u2013Boca del R\u00edo; Rosa Mar\u00eda Vaca Espino y Juan Francisco Figueroa Duarte, catedr\u00e1ticos de la Universidad Veracruzana; Sergio Lois Heredia, presidente del Consejo Metropolitano de Turismo.<\/p>\n<p>As\u00ed como de: Andr\u00e9s Figueroa Leal, delegado del Consejo Gastron\u00f3mico; todos ellos ofrecieron perspectivas estrat\u00e9gicas sobre la actividad portuaria y aduanal, las peque\u00f1as y medianas empresas, los servicios tur\u00edsticos y la proyecci\u00f3n de la gastronom\u00eda local.<\/p>\n<p>Asimismo, los asistentes participaron de manera activa en un di\u00e1logo abierto, compartiendo ideas y propuestas que enriquecieron el intercambio de experiencias y perspectivas, moderados por Jorge Antonio Acosta C\u00e1zares del Colegio de Economistas del Estado de Veracruz.<\/p>\n<p>Se anunci\u00f3 que se realizar\u00e1n m\u00e1s foros en los pr\u00f3ximos meses, con el objetivo de seguir recibiendo aportaciones de la ciudadan\u00eda y enriquecer las estrategias para el futuro de la ciudad de Veracruz.<\/p>\n<p><img loading=\"lazy\" decoding=\"async\" class=\"aligncenter size-medium wp-image-71588\" src=\"https:\/\/encuentroinformativo.com.mx\/wp-content\/uploads\/2025\/10\/IMG-20251003-WA0325-300x200.jpg\" alt=\"\" width=\"300\" height=\"200\" srcset=\"https:\/\/encuentroinformativo.com.mx\/wp-content\/uploads\/2025\/10\/IMG-20251003-WA0325-300x200.jpg 300w, https:\/\/encuentroinformativo.com.mx\/wp-content\/uploads\/2025\/10\/IMG-20251003-WA0325-1024x682.jpg 1024w, https:\/\/encuentroinformativo.com.mx\/wp-content\/uploads\/2025\/10\/IMG-20251003-WA0325-768x512.jpg 768w, https:\/\/encuentroinformativo.com.mx\/wp-content\/uploads\/2025\/10\/IMG-20251003-WA0325-1536x1023.jpg 1536w, https:\/\/encuentroinformativo.com.mx\/wp-content\/uploads\/2025\/10\/IMG-20251003-WA0325.jpg 1600w\" sizes=\"auto, (max-width: 300px) 100vw, 300px\" \/><\/p>\n","protected":false},"excerpt":{"rendered":"<p>* Extraordinaria participaci\u00f3n ciudadana en el di\u00e1logo por el futuro de la ciudad de Veracruz. Veracruz, Ver.- M\u00e1s de 60 organizaciones sociales, c\u00e1maras empresariales, instituciones educativas y colectivos ciudadanos participaron en el Primer Foro por la Transformaci\u00f3n de Veracruz, un espacio para aportar ideas que contribuyan a la construcci\u00f3n del Plan Municipal de Desarrollo 2026\u20132029 [&hellip;]<\/p>\n","protected":false},"author":2476,"featured_media":71587,"comment_status":"open","ping_status":"open","sticky":false,"template":"","format":"standard","meta":{"_jetpack_memberships_contains_paid_content":false,"footnotes":""},"categories":[2],"tags":[],"class_list":["post-71586","post","type-post","status-publish","format-standard","has-post-thumbnail","hentry","category-estado"],"jetpack_featured_media_url":"https:\/\/encuentroinformativo.com.mx\/wp-content\/uploads\/2025\/10\/IMG-20251003-WA0321.jpg","jetpack_sharing_enabled":true,"jetpack_likes_enabled":true,"amp_enabled":true,"_links":{"self":[{"href":"https:\/\/encuentroinformativo.com.mx\/index.php?rest_route=\/wp\/v2\/posts\/71586","targetHints":{"allow":["GET"]}}],"collection":[{"href":"https:\/\/encuentroinformativo.com.mx\/index.php?rest_route=\/wp\/v2\/posts"}],"about":[{"href":"https:\/\/encuentroinformativo.com.mx\/index.php?rest_route=\/wp\/v2\/types\/post"}],"author":[{"embeddable":true,"href":"https:\/\/encuentroinformativo.com.mx\/index.php?rest_route=\/wp\/v2\/users\/2476"}],"replies":[{"embeddable":true,"href":"https:\/\/encuentroinformativo.com.mx\/index.php?rest_route=%2Fwp%2Fv2%2Fcomments&post=71586"}],"version-history":[{"count":1,"href":"https:\/\/encuentroinformativo.com.mx\/index.php?rest_route=\/wp\/v2\/posts\/71586\/revisions"}],"predecessor-version":[{"id":71589,"href":"https:\/\/encuentroinformativo.com.mx\/index.php?rest_route=\/wp\/v2\/posts\/71586\/revisions\/71589"}],"wp:featuredmedia":[{"embeddable":true,"href":"https:\/\/encuentroinformativo.com.mx\/index.php?rest_route=\/wp\/v2\/media\/71587"}],"wp:attachment":[{"href":"https:\/\/encuentroinformativo.com.mx\/index.php?rest_route=%2Fwp%2Fv2%2Fmedia&parent=71586"}],"wp:term":[{"taxonomy":"category","embeddable":true,"href":"https:\/\/encuentroinformativo.com.mx\/index.php?rest_route=%2Fwp%2Fv2%2Fcategories&post=71586"},{"taxonomy":"post_tag","embeddable":true,"href":"https:\/\/encuentroinformativo.com.mx\/index.php?rest_route=%2Fwp%2Fv2%2Ftags&post=71586"}],"curies":[{"name":"wp","href":"https:\/\/api.w.org\/{rel}","templated":true}]}}