{"id":71590,"date":"2025-10-03T17:07:30","date_gmt":"2025-10-03T23:07:30","guid":{"rendered":"https:\/\/encuentroinformativo.com.mx\/?p=71590"},"modified":"2025-10-03T17:07:30","modified_gmt":"2025-10-03T23:07:30","slug":"asaltan-una-estetica-en-pleno-centro-de-nanchital","status":"publish","type":"post","link":"https:\/\/encuentroinformativo.com.mx\/?p=71590","title":{"rendered":"Asaltan una est\u00e9tica en pleno centro de Nanchital"},"content":{"rendered":"<p><strong>Miguel A. Rodr\u00edguez<\/strong><\/p>\n<p>Nanchital, Ver.- Otra vez, un negocio sufri\u00f3 las consecuencias de la inseguridad que \u00faltimamente se vive en este Municipio al ser visitado por los amantes de lo ajeno, siendo asaltado alrededor de las 2:30 de la tarde en pleno centro sin que alguna corporaci\u00f3n policiaca pudiera evitarlo.<\/p>\n<p>Los hechos se suscitaron en el sal\u00f3n Hair Studio Sirlem Aquino de la calle 20 de Noviembre, ubicada a unos cuantos pasos del mercado Antonio J. Berm\u00fadez; hasta donde lleg\u00f3 un solitario sujeto que con un arm4 blanca y amag\u00f3 a la propietaria del negocio, as\u00ed como a las clientes ah\u00ed presentes, a quienes despoj\u00f3 de sus objetos de valor y luego encerr\u00f3 en una cuarto para huir con rumbo desconocido.<\/p>\n<p>Cabe mencionar que intentaron llamar a la polic\u00eda municipal pero el n\u00famero telef\u00f3nico de esta corporaci\u00f3n sonaba fuera de servicio, por lo que al final optaron por marcar al 911, donde les dijeron que mandar\u00edan elementos.<\/p>\n<p>En las \u00faltimas semanas, los asaltos a los negocios de Nanchital han repuntado de manera dr\u00e1stica pese a los rondines de las diversas corporaciones policiacas que hay en Nanchital, siendo los oxxos los m\u00e1s frecuentados sin que por el momento hayan atrapado al o los culpables.<\/p>\n","protected":false},"excerpt":{"rendered":"<p>Miguel A. Rodr\u00edguez Nanchital, Ver.- Otra vez, un negocio sufri\u00f3 las consecuencias de la inseguridad que \u00faltimamente se vive en este Municipio al ser visitado por los amantes de lo ajeno, siendo asaltado alrededor de las 2:30 de la tarde en pleno centro sin que alguna corporaci\u00f3n policiaca pudiera evitarlo. Los hechos se suscitaron en [&hellip;]<\/p>\n","protected":false},"author":2476,"featured_media":71591,"comment_status":"open","ping_status":"open","sticky":false,"template":"","format":"standard","meta":{"_jetpack_memberships_contains_paid_content":false,"footnotes":""},"categories":[14],"tags":[],"class_list":["post-71590","post","type-post","status-publish","format-standard","has-post-thumbnail","hentry","category-policiaca"],"jetpack_featured_media_url":"https:\/\/encuentroinformativo.com.mx\/wp-content\/uploads\/2025\/10\/Photo_17595325718982.jpg","jetpack_sharing_enabled":true,"jetpack_likes_enabled":true,"amp_enabled":true,"_links":{"self":[{"href":"https:\/\/encuentroinformativo.com.mx\/index.php?rest_route=\/wp\/v2\/posts\/71590","targetHints":{"allow":["GET"]}}],"collection":[{"href":"https:\/\/encuentroinformativo.com.mx\/index.php?rest_route=\/wp\/v2\/posts"}],"about":[{"href":"https:\/\/encuentroinformativo.com.mx\/index.php?rest_route=\/wp\/v2\/types\/post"}],"author":[{"embeddable":true,"href":"https:\/\/encuentroinformativo.com.mx\/index.php?rest_route=\/wp\/v2\/users\/2476"}],"replies":[{"embeddable":true,"href":"https:\/\/encuentroinformativo.com.mx\/index.php?rest_route=%2Fwp%2Fv2%2Fcomments&post=71590"}],"version-history":[{"count":1,"href":"https:\/\/encuentroinformativo.com.mx\/index.php?rest_route=\/wp\/v2\/posts\/71590\/revisions"}],"predecessor-version":[{"id":71592,"href":"https:\/\/encuentroinformativo.com.mx\/index.php?rest_route=\/wp\/v2\/posts\/71590\/revisions\/71592"}],"wp:featuredmedia":[{"embeddable":true,"href":"https:\/\/encuentroinformativo.com.mx\/index.php?rest_route=\/wp\/v2\/media\/71591"}],"wp:attachment":[{"href":"https:\/\/encuentroinformativo.com.mx\/index.php?rest_route=%2Fwp%2Fv2%2Fmedia&parent=71590"}],"wp:term":[{"taxonomy":"category","embeddable":true,"href":"https:\/\/encuentroinformativo.com.mx\/index.php?rest_route=%2Fwp%2Fv2%2Fcategories&post=71590"},{"taxonomy":"post_tag","embeddable":true,"href":"https:\/\/encuentroinformativo.com.mx\/index.php?rest_route=%2Fwp%2Fv2%2Ftags&post=71590"}],"curies":[{"name":"wp","href":"https:\/\/api.w.org\/{rel}","templated":true}]}}