{"id":71597,"date":"2025-10-04T11:16:27","date_gmt":"2025-10-04T17:16:27","guid":{"rendered":"https:\/\/encuentroinformativo.com.mx\/?p=71597"},"modified":"2025-10-04T11:16:27","modified_gmt":"2025-10-04T17:16:27","slug":"activan-codigo-rojo-en-tlalixcoyan-tras-balacera-en-localidad-de-cuyucuenda","status":"publish","type":"post","link":"https:\/\/encuentroinformativo.com.mx\/?p=71597","title":{"rendered":"Activan C\u00f3digo Rojo en Tlalixcoyan tras balacera en localidad de Cuyucuenda"},"content":{"rendered":"<p><strong>Alejandro \u00c1vila<\/strong><\/p>\n<p>Veracruz, Ver.- El tramo carretero Piedras Negras &#8211; Mata Espino en el municipio de Tlalixcoyan qued\u00f3 totalmente cerrado tras una balacera que se registr\u00f3 la madrugada de este s\u00e1bado 4 de octubre.<\/p>\n<p>Los primeros reportes indican que hubo un enfrentamiento armado en la localidad de Cuyucuenda alrededor de la 1:30 de la madrugada; de esta situaci\u00f3n se presume hubo un polic\u00eda herido y varias personas lesionadas de gravedad.<\/p>\n<p>De manera extraoficial se dice que existen varios cuerpos tirados alrededor de la carretera, por lo cual los elementos de la seguridad p\u00fablica entre los que destacan la Polic\u00eda Naval y Guardia Nacional ejecutaron el operativo C\u00f3digo Rojo en la zona.<\/p>\n<p>Debido a esa situaci\u00f3n la l\u00ednea de autobuses &#8220;Mixtequilla&#8221; anunci\u00f3 en sus redes sociales que los camiones de pasaje se estar\u00edan desviando por la localidad de San Antonio para poder cumplir su ruta.<\/p>\n<p>Hasta el momento ninguna autoridad gubernamental ha dado un parte oficial de la situaci\u00f3n.<\/p>\n","protected":false},"excerpt":{"rendered":"<p>Alejandro \u00c1vila Veracruz, Ver.- El tramo carretero Piedras Negras &#8211; Mata Espino en el municipio de Tlalixcoyan qued\u00f3 totalmente cerrado tras una balacera que se registr\u00f3 la madrugada de este s\u00e1bado 4 de octubre. Los primeros reportes indican que hubo un enfrentamiento armado en la localidad de Cuyucuenda alrededor de la 1:30 de la madrugada; [&hellip;]<\/p>\n","protected":false},"author":2476,"featured_media":71598,"comment_status":"open","ping_status":"open","sticky":false,"template":"","format":"standard","meta":{"_jetpack_memberships_contains_paid_content":false,"footnotes":""},"categories":[14],"tags":[],"class_list":["post-71597","post","type-post","status-publish","format-standard","has-post-thumbnail","hentry","category-policiaca"],"jetpack_featured_media_url":"https:\/\/encuentroinformativo.com.mx\/wp-content\/uploads\/2025\/10\/IMG-20251004-WA00412.jpg","jetpack_sharing_enabled":true,"jetpack_likes_enabled":true,"amp_enabled":true,"_links":{"self":[{"href":"https:\/\/encuentroinformativo.com.mx\/index.php?rest_route=\/wp\/v2\/posts\/71597","targetHints":{"allow":["GET"]}}],"collection":[{"href":"https:\/\/encuentroinformativo.com.mx\/index.php?rest_route=\/wp\/v2\/posts"}],"about":[{"href":"https:\/\/encuentroinformativo.com.mx\/index.php?rest_route=\/wp\/v2\/types\/post"}],"author":[{"embeddable":true,"href":"https:\/\/encuentroinformativo.com.mx\/index.php?rest_route=\/wp\/v2\/users\/2476"}],"replies":[{"embeddable":true,"href":"https:\/\/encuentroinformativo.com.mx\/index.php?rest_route=%2Fwp%2Fv2%2Fcomments&post=71597"}],"version-history":[{"count":1,"href":"https:\/\/encuentroinformativo.com.mx\/index.php?rest_route=\/wp\/v2\/posts\/71597\/revisions"}],"predecessor-version":[{"id":71599,"href":"https:\/\/encuentroinformativo.com.mx\/index.php?rest_route=\/wp\/v2\/posts\/71597\/revisions\/71599"}],"wp:featuredmedia":[{"embeddable":true,"href":"https:\/\/encuentroinformativo.com.mx\/index.php?rest_route=\/wp\/v2\/media\/71598"}],"wp:attachment":[{"href":"https:\/\/encuentroinformativo.com.mx\/index.php?rest_route=%2Fwp%2Fv2%2Fmedia&parent=71597"}],"wp:term":[{"taxonomy":"category","embeddable":true,"href":"https:\/\/encuentroinformativo.com.mx\/index.php?rest_route=%2Fwp%2Fv2%2Fcategories&post=71597"},{"taxonomy":"post_tag","embeddable":true,"href":"https:\/\/encuentroinformativo.com.mx\/index.php?rest_route=%2Fwp%2Fv2%2Ftags&post=71597"}],"curies":[{"name":"wp","href":"https:\/\/api.w.org\/{rel}","templated":true}]}}