{"id":71617,"date":"2025-10-06T11:23:59","date_gmt":"2025-10-06T17:23:59","guid":{"rendered":"https:\/\/encuentroinformativo.com.mx\/?p=71617"},"modified":"2025-10-06T11:23:59","modified_gmt":"2025-10-06T17:23:59","slug":"trenes-de-pasajeros-mejorarian-la-conectividad-gobernadora","status":"publish","type":"post","link":"https:\/\/encuentroinformativo.com.mx\/?p=71617","title":{"rendered":"Trenes de pasajeros mejorar\u00edan la conectividad: Gobernadora"},"content":{"rendered":"<p><strong>Dar\u00edo Pale<\/strong><\/p>\n<p>Xalapa, Ver.-La gobernadora de Veracruz, Norma Roc\u00edo Nahle Garc\u00eda, se pronunci\u00f3 sobre varios temas de inter\u00e9s para el estado, incluyendo la reactivaci\u00f3n de los trenes de pasajeros, el Festival Cervantino y la educaci\u00f3n.<\/p>\n<p>La gobernadora destac\u00f3 la importancia de la reactivaci\u00f3n de los trenes de pasajeros para el estado de Veracruz, ya que mejorar\u00e1 la conectividad y fomentar\u00e1 el turismo, se\u00f1al\u00f3 que se est\u00e1 trabajando en conjunto con la federaci\u00f3n para hacer realidad este proyecto.<\/p>\n<p>\u201cDentro del mensaje que dio la presidenta, inclusive hay siente a Veracruz, por ejemplo, abordar el tema del tren de la reactivaci\u00f3n de los trenes de pasajeros, el incremento de la movilidad de pasajeros, pues habla de Veracruz y de que Veracruz tendr\u00e1 esta posibilidad, esto tambi\u00e9n le viene bien a la entidad\u201d, coment\u00f3.<\/p>\n<p>La gobernadora inform\u00f3 que Veracruz ser\u00e1 el invitado especial del Festival Cervantino, que se llevar\u00e1 a cabo en Guanajuato, destac\u00f3 que se ha preparado una gran participaci\u00f3n de artistas, artesanos y cocineros veracruzanos para mostrar la riqueza cultural del estado.<\/p>\n<p>\u201cEl viernes 10 estaremos en Guanajuato, pues en la inauguraci\u00f3n del Cervantino, pr\u00e1cticamente viernes y s\u00e1bado creo que estar\u00e9 esos dos d\u00edas en Guanajuato con todos nuestros artistas, nuestros artesanos, nuestras cocineras, llevamos much\u00edsima gente\u201d, inform\u00f3.<\/p>\n<p>\u201cF\u00edjate, compramos cuatro camiones tipo pasajeros que dice, gobierno del estado de Veracruz y los vamos a estrenar. \u00bfPara qu\u00e9 son esos camiones?, para mover a nuestros artistas, a nuestros deportistas, est\u00e1n rotulados, muy bonitos, dice gobierno del estado de Veracruz con unas figuras de jarochos muy bonitos y estos estar\u00e1n trasladando esta semana a nuestros artistas, a nuestros participantes y bueno, yo estar\u00e9 all\u00e1 en la inauguraci\u00f3n.<\/p>\n<p>En otro orden de ideas la gobernadora destac\u00f3 la importancia de la educaci\u00f3n y el papel que juegan los maestros en la sociedad, se\u00f1al\u00f3 que se est\u00e1 trabajando para apoyar a los maestros y mejorar la calidad de la educaci\u00f3n en el estado.<\/p>\n<p>Tambi\u00e9n destac\u00f3 la importancia de la gobernanza y la colaboraci\u00f3n entre el gobierno y la sociedad para lograr avances en la educaci\u00f3n,la gobernadora destac\u00f3 su relaci\u00f3n con el magisterio y se\u00f1al\u00f3 que se est\u00e1 trabajando para atender sus demandas y necesidades.<\/p>\n<p>\u201cEfectivamente hemos estado hablando con todos los maestros, Claudia Tello, nuestra secretaria de educaci\u00f3n, hace un gran trabajo, ella es maestra, tiene un doctorado en educaci\u00f3n, ella est\u00e1 concentrada, en cuerpo y alma en lo que es el programa educativo de nuestros ni\u00f1os, de nuestras ni\u00f1as, de nuestros j\u00f3venes\u201d, se\u00f1al\u00f3.<\/p>\n<p>Dijo que se est\u00e1 buscando mejorar las condiciones laborales y salariales de los maestros, as\u00ed como brindarles apoyo y capacitaci\u00f3n para mejorar la calidad de la educaci\u00f3n.<\/p>\n<p>La gobernadora inform\u00f3 que se est\u00e1 trabajando en la implementaci\u00f3n del USICAMM, un sistema que busca mejorar la carrera magisterial y la asignaci\u00f3n de plazas, se\u00f1al\u00f3 que se est\u00e1 buscando que el proceso sea transparente y que se tomen en cuenta las necesidades y demandas de los maestros.<\/p>\n<p>Se va a hacer algo con el tema de la unidad del sistema para la carrera de maestras y maestros, el USICAMM, que es el de donde reclaman en el tema de la contrataci\u00f3n, justamente ayer la presidenta lo mencion\u00f3 en su informe, ella emiti\u00f3 un decreto hace meses para que el reacomodo de plaza fuera por antig\u00fcedad.<\/p>\n<p>Entonces se estuvo haciendo aqu\u00ed en la SEV, se hizo tal como se indic\u00f3 en el decreto de la presidenta, se acomodaron de acuerdo a la antig\u00fcedad de acuerdo a donde estaban, un gran porcentaje qued\u00f3 conforme, como todo, pues a lo mejor algunas personas no, pero como en todo todo se puede arreglar hablando, pues se pueden ir viendo situaciones y se pueden ir arreglando.<\/p>\n<p>Finalmente se\u00f1al\u00f3 que, \u201ceso fue lo que he hablado tanto con el sindicato como con Claudia Tello, Bien decir, a ver, siempre de nuestra mano de nuestra parte dar la mano, es para eso es el gobierno Claro para a eso es el gobierno no es para imponerse. El gobierno no es para decir aqu\u00ed mandamos no. Pues ah\u00ed est\u00e1 facilitar que haya gobernanza y educaci\u00f3n en Veracruz\u201d.<\/p>\n","protected":false},"excerpt":{"rendered":"<p>Dar\u00edo Pale Xalapa, Ver.-La gobernadora de Veracruz, Norma Roc\u00edo Nahle Garc\u00eda, se pronunci\u00f3 sobre varios temas de inter\u00e9s para el estado, incluyendo la reactivaci\u00f3n de los trenes de pasajeros, el Festival Cervantino y la educaci\u00f3n. La gobernadora destac\u00f3 la importancia de la reactivaci\u00f3n de los trenes de pasajeros para el estado de Veracruz, ya que [&hellip;]<\/p>\n","protected":false},"author":2476,"featured_media":70760,"comment_status":"open","ping_status":"open","sticky":false,"template":"","format":"standard","meta":{"_jetpack_memberships_contains_paid_content":false,"footnotes":""},"categories":[2],"tags":[],"class_list":["post-71617","post","type-post","status-publish","format-standard","has-post-thumbnail","hentry","category-estado"],"jetpack_featured_media_url":"https:\/\/encuentroinformativo.com.mx\/wp-content\/uploads\/2025\/09\/IMG-20250908-WA0164.jpg","jetpack_sharing_enabled":true,"jetpack_likes_enabled":true,"amp_enabled":true,"_links":{"self":[{"href":"https:\/\/encuentroinformativo.com.mx\/index.php?rest_route=\/wp\/v2\/posts\/71617","targetHints":{"allow":["GET"]}}],"collection":[{"href":"https:\/\/encuentroinformativo.com.mx\/index.php?rest_route=\/wp\/v2\/posts"}],"about":[{"href":"https:\/\/encuentroinformativo.com.mx\/index.php?rest_route=\/wp\/v2\/types\/post"}],"author":[{"embeddable":true,"href":"https:\/\/encuentroinformativo.com.mx\/index.php?rest_route=\/wp\/v2\/users\/2476"}],"replies":[{"embeddable":true,"href":"https:\/\/encuentroinformativo.com.mx\/index.php?rest_route=%2Fwp%2Fv2%2Fcomments&post=71617"}],"version-history":[{"count":1,"href":"https:\/\/encuentroinformativo.com.mx\/index.php?rest_route=\/wp\/v2\/posts\/71617\/revisions"}],"predecessor-version":[{"id":71618,"href":"https:\/\/encuentroinformativo.com.mx\/index.php?rest_route=\/wp\/v2\/posts\/71617\/revisions\/71618"}],"wp:featuredmedia":[{"embeddable":true,"href":"https:\/\/encuentroinformativo.com.mx\/index.php?rest_route=\/wp\/v2\/media\/70760"}],"wp:attachment":[{"href":"https:\/\/encuentroinformativo.com.mx\/index.php?rest_route=%2Fwp%2Fv2%2Fmedia&parent=71617"}],"wp:term":[{"taxonomy":"category","embeddable":true,"href":"https:\/\/encuentroinformativo.com.mx\/index.php?rest_route=%2Fwp%2Fv2%2Fcategories&post=71617"},{"taxonomy":"post_tag","embeddable":true,"href":"https:\/\/encuentroinformativo.com.mx\/index.php?rest_route=%2Fwp%2Fv2%2Ftags&post=71617"}],"curies":[{"name":"wp","href":"https:\/\/api.w.org\/{rel}","templated":true}]}}